{"id":376,"date":"2017-02-23T21:13:42","date_gmt":"2017-02-23T21:13:42","guid":{"rendered":"http:\/\/mifavorita.com.pa\/2017\/?p=376"},"modified":"2017-02-23T21:13:42","modified_gmt":"2017-02-23T21:13:42","slug":"confeccion-de-esterillas-una-tradicion-que-se-pierde","status":"publish","type":"post","link":"https:\/\/mifavorita.com.pa\/2017\/confeccion-de-esterillas-una-tradicion-que-se-pierde\/","title":{"rendered":"Confecci\u00f3n de esterillas una tradici\u00f3n que se pierde"},"content":{"rendered":"<p>EDILSA GONZALEZ ROCA<\/p>\n<p>COCL\u00c9.<\/p>\n<p>&nbsp;<\/p>\n<p>&nbsp;<\/p>\n<p>La confecci\u00f3n de esterillas es una tradici\u00f3n que mantienen nuestros campesinos desde hace m\u00e1s de cien a\u00f1os y que se ha transmitido de generaci\u00f3n en generaci\u00f3n, sin embrago en los \u00faltimos a\u00f1os se ha ido perdiendo y son pocas las personas que se dedican a este noble labor artesanal.<\/p>\n<p>Viajamos a El Coco de Penonom\u00e9 para conocer a do\u00f1a Aurelia Vargas, artesana de esterillas, aprendi\u00f3 a hacerlas con sus padres y ella le ha ense\u00f1ado a uno de sus hijos, asegura que con esta actividad la criaron a ella y ella crio y educ\u00f3 a sus hijos, por lo que es una tradici\u00f3n que no se debe perder.<\/p>\n<p>Asegura que cuando era joven pod\u00eda hacer hasta doce esterillas en medio d\u00eda y aunque ahora por la vejez y situaciones de la vida ha dejado de hacerlo, es importante que las nuevas generaciones conozcan esta artesan\u00eda y su utilidad y que las autoridades promuevan la conservaci\u00f3n de la paja de junco con la que se confeccionan y que sea considerada como otras una artesan\u00eda de tradici\u00f3n.<\/p>\n<p>Escuche el siguiente reportaje m\u00e1s completo&#8230;<\/p>\n<audio class=\"wp-audio-shortcode\" id=\"audio-376-1\" preload=\"none\" style=\"width: 100%;\" controls=\"controls\"><source type=\"audio\/mpeg\" src=\"http:\/\/mifavorita.com.pa\/2017\/wp-content\/uploads\/2017\/02\/REPORTAJE-CONFECCI\u00d3N-DE-ESTERILLA-UNA-TRADICI\u00d3N-QUE-SE-PIERDE.mp3?_=1\" \/><a href=\"http:\/\/mifavorita.com.pa\/2017\/wp-content\/uploads\/2017\/02\/REPORTAJE-CONFECCI\u00d3N-DE-ESTERILLA-UNA-TRADICI\u00d3N-QUE-SE-PIERDE.mp3\">http:\/\/mifavorita.com.pa\/2017\/wp-content\/uploads\/2017\/02\/REPORTAJE-CONFECCI\u00d3N-DE-ESTERILLA-UNA-TRADICI\u00d3N-QUE-SE-PIERDE.mp3<\/a><\/audio>\n<p>&nbsp;<\/p>\n<p>&nbsp;<\/p>\n<p>&nbsp;<\/p>\n<p>Video de Do\u00f1a Aurelia Vargas\u00a0mientras confecciona las esterillas<\/p>\n<div style=\"width: 640px;\" class=\"wp-video\"><video class=\"wp-video-shortcode\" id=\"video-376-1\" width=\"640\" height=\"352\" preload=\"metadata\" controls=\"controls\"><source type=\"video\/mp4\" src=\"http:\/\/mifavorita.com.pa\/2017\/wp-content\/uploads\/2017\/02\/VID-20170223-WA0066.mp4?_=1\" \/><a href=\"http:\/\/mifavorita.com.pa\/2017\/wp-content\/uploads\/2017\/02\/VID-20170223-WA0066.mp4\">http:\/\/mifavorita.com.pa\/2017\/wp-content\/uploads\/2017\/02\/VID-20170223-WA0066.mp4<\/a><\/video><\/div>\n","protected":false},"excerpt":{"rendered":"<p>EDILSA GONZALEZ ROCA COCL\u00c9. &nbsp; &nbsp; La confecci\u00f3n de esterillas es una tradici\u00f3n que mantienen nuestros campesinos desde hace m\u00e1s de cien a\u00f1os y que se ha transmitido de generaci\u00f3n en generaci\u00f3n, sin embrago en los \u00faltimos a\u00f1os se ha ido perdiendo y son pocas las personas que se dedican a este noble labor artesanal. [&hellip;]<\/p>\n","protected":false},"author":3,"featured_media":379,"comment_status":"closed","ping_status":"open","sticky":false,"template":"","format":"standard","meta":{"footnotes":""},"categories":[1],"tags":[],"class_list":["post-376","post","type-post","status-publish","format-standard","has-post-thumbnail","hentry","category-noticias"],"_links":{"self":[{"href":"https:\/\/mifavorita.com.pa\/2017\/wp-json\/wp\/v2\/posts\/376","targetHints":{"allow":["GET"]}}],"collection":[{"href":"https:\/\/mifavorita.com.pa\/2017\/wp-json\/wp\/v2\/posts"}],"about":[{"href":"https:\/\/mifavorita.com.pa\/2017\/wp-json\/wp\/v2\/types\/post"}],"author":[{"embeddable":true,"href":"https:\/\/mifavorita.com.pa\/2017\/wp-json\/wp\/v2\/users\/3"}],"replies":[{"embeddable":true,"href":"https:\/\/mifavorita.com.pa\/2017\/wp-json\/wp\/v2\/comments?post=376"}],"version-history":[{"count":1,"href":"https:\/\/mifavorita.com.pa\/2017\/wp-json\/wp\/v2\/posts\/376\/revisions"}],"predecessor-version":[{"id":382,"href":"https:\/\/mifavorita.com.pa\/2017\/wp-json\/wp\/v2\/posts\/376\/revisions\/382"}],"wp:featuredmedia":[{"embeddable":true,"href":"https:\/\/mifavorita.com.pa\/2017\/wp-json\/wp\/v2\/media\/379"}],"wp:attachment":[{"href":"https:\/\/mifavorita.com.pa\/2017\/wp-json\/wp\/v2\/media?parent=376"}],"wp:term":[{"taxonomy":"category","embeddable":true,"href":"https:\/\/mifavorita.com.pa\/2017\/wp-json\/wp\/v2\/categories?post=376"},{"taxonomy":"post_tag","embeddable":true,"href":"https:\/\/mifavorita.com.pa\/2017\/wp-json\/wp\/v2\/tags?post=376"}],"curies":[{"name":"wp","href":"https:\/\/api.w.org\/{rel}","templated":true}]}}