{"id":392,"date":"2017-03-09T02:57:14","date_gmt":"2017-03-09T02:57:14","guid":{"rendered":"http:\/\/mifavorita.com.pa\/2017\/?p=392"},"modified":"2017-03-09T02:57:14","modified_gmt":"2017-03-09T02:57:14","slug":"programa-opinion-publica-inicia-sus-tour-de-verano","status":"publish","type":"post","link":"https:\/\/mifavorita.com.pa\/2017\/programa-opinion-publica-inicia-sus-tour-de-verano\/","title":{"rendered":"Programa Opini\u00f3n P\u00fablica inicia sus Tour de verano"},"content":{"rendered":"<p>EDILSA GONZALEZ ROCA<\/p>\n<p>COCL\u00c9.<\/p>\n<p>Aunque con un poco de lluvia, este mi\u00e9rcoles 8 de marzo, D\u00eda Internacional de la Mujer y en el marco de la festividad religiosa en honor a San Juan de Dios, el Programa Opini\u00f3n P\u00fablica, de Radio Mi Favorita, \u00a0arranc\u00f3 su Tour de verano, en el hist\u00f3rico pueblo de Nat\u00e1 de Los Caballeros.<\/p>\n<p>Fue una hora y media de mucha informaci\u00f3n, pues contamos con la participaci\u00f3n del alcalde del distrito Arturo Moreno, quien destac\u00f3 que a pesar de las m\u00faltiples necesidades que todav\u00eda enfrentan como municipio, est\u00e1n haciendo esfuerzo por mejorar la condici\u00f3n de todas las comunidades.<\/p>\n<p>Manifest\u00f3 que entre las principales prioridades de las comunidades est\u00e1n la construcci\u00f3n de mejores carreteras, dotaci\u00f3n de agua potable en algunos sectores, proyectos de electrificaci\u00f3n que aunque se han iniciado hay uno que lleva casi cuatro a\u00f1os en espera, el tema de la seguridad tambi\u00e9n le preocupa pues solo hay seis polic\u00edas, sin veh\u00edculo, para atender a todo el distrito.<\/p>\n<p>Tambi\u00e9n particip\u00f3, la directora nacional de la Secretar\u00eda Nacional de Ni\u00f1ez, Adolescencia y Familia, Yazm\u00edn C\u00e1rdenas, \u00a0con el tema de la importancia de la atenci\u00f3n de los problemas de la ni\u00f1ez y adolescencia, haciendo \u00e9nfasis en el sexo femenino al celebrarse el D\u00eda Internacional de Mujer.<\/p>\n<p>Dijo que lamentablemente hay muchas mujeres, y a veces ni\u00f1as y adolescentes siendo v\u00edctimas de acoso y abuso sexual, de trata de personas, de prostituci\u00f3n y pornograf\u00eda a veces de personas muy cercanas a ellas por lo que la idea era dar a conocer que en la instituci\u00f3n tienen un punto de apoyo al que acudir.<\/p>\n<p>El Doctor Jorge Estenoz, director institucional de la Caja de Seguro Social, dio detalles del censo de Salud en Nat\u00e1 que inici\u00f3 el 8 de marzo pero se extender\u00eda 9 y 10 para atender a la poblaci\u00f3n mayor de 40 a\u00f1os, en este primer d\u00eda se logr\u00f3 atender casi mil personas.<\/p>\n<p>Y Carlos Gonzales, Administrador General de la Anati, quien inform\u00f3 que ya pronto la entidad estar\u00e1 en una nueva sede en la provincia de Cocl\u00e9 y que adem\u00e1s ser\u00e1 nuestra provincia la primera en donde se implementar\u00e1 el proyecto de descentralizaci\u00f3n de planos, por lo que todos los tr\u00e1mites de titulaci\u00f3n se podr\u00e1n hacer en esta regi\u00f3n sin necesidad de enviarlos a otras provincias.<\/p>\n<p>Una interesante jornada en la que pudimos apreciar de primera mano que todav\u00eda hay mucha gente pobre y enferma con much\u00edsimas necesidades, pero que afortunadamente en esta ocasi\u00f3n, el gobierno se volc\u00f3 con la ayuda y atenci\u00f3n m\u00e9dica a los m\u00e1s necesitados.<\/p>\n<p>Muchas experiencias nos quedan en esta aventura que hemos emprendido, para estar en contacto con nuestros oyentes, estaremos cada mi\u00e9rcoles visitando los otros cinco distritos de la provincia, la pr\u00f3xima parada del Tour de Opini\u00f3n P\u00fablica ser\u00e1 en la Tierra de la Sal y del Az\u00facar, as\u00ed que aguadulce\u00f1os all\u00e1 nos vemos.<\/p>\n<p><img fetchpriority=\"high\" decoding=\"async\" class=\"alignnone size-medium wp-image-395\" src=\"http:\/\/mifavorita.com.pa\/2017\/wp-content\/uploads\/2017\/03\/IMG-20170308-WA0065_resized_20170308_033546926-169x300.jpg\" alt=\"\" width=\"169\" height=\"300\" srcset=\"https:\/\/mifavorita.com.pa\/2017\/wp-content\/uploads\/2017\/03\/IMG-20170308-WA0065_resized_20170308_033546926-169x300.jpg 169w, https:\/\/mifavorita.com.pa\/2017\/wp-content\/uploads\/2017\/03\/IMG-20170308-WA0065_resized_20170308_033546926.jpg 180w\" sizes=\"(max-width: 169px) 100vw, 169px\" \/><\/p>\n<p><em>Foto. Carlos Gonzalez. Admin General de ANATI<\/em><\/p>\n<p><img decoding=\"async\" class=\"size-full wp-image-396 alignleft\" src=\"http:\/\/mifavorita.com.pa\/2017\/wp-content\/uploads\/2017\/03\/IMG-20170308-WA0071_resized_20170308_033546762.jpg\" alt=\"\" width=\"258\" height=\"194\" srcset=\"https:\/\/mifavorita.com.pa\/2017\/wp-content\/uploads\/2017\/03\/IMG-20170308-WA0071_resized_20170308_033546762.jpg 258w, https:\/\/mifavorita.com.pa\/2017\/wp-content\/uploads\/2017\/03\/IMG-20170308-WA0071_resized_20170308_033546762-80x60.jpg 80w\" sizes=\"(max-width: 258px) 100vw, 258px\" \/><\/p>\n<p>&nbsp;<\/p>\n<p>&nbsp;<\/p>\n<p>&nbsp;<\/p>\n<p>&nbsp;<\/p>\n<p>&nbsp;<\/p>\n<p>&nbsp;<\/p>\n<p><img decoding=\"async\" class=\"alignnone size-medium wp-image-394\" src=\"http:\/\/mifavorita.com.pa\/2017\/wp-content\/uploads\/2017\/03\/IMG-20170308-WA0066_resized_20170308_033546842-300x169.jpg\" alt=\"\" width=\"300\" height=\"169\" srcset=\"https:\/\/mifavorita.com.pa\/2017\/wp-content\/uploads\/2017\/03\/IMG-20170308-WA0066_resized_20170308_033546842-300x169.jpg 300w, https:\/\/mifavorita.com.pa\/2017\/wp-content\/uploads\/2017\/03\/IMG-20170308-WA0066_resized_20170308_033546842.jpg 320w\" sizes=\"(max-width: 300px) 100vw, 300px\" \/><\/p>\n","protected":false},"excerpt":{"rendered":"<p>EDILSA GONZALEZ ROCA COCL\u00c9. Aunque con un poco de lluvia, este mi\u00e9rcoles 8 de marzo, D\u00eda Internacional de la Mujer y en el marco de la festividad religiosa en honor a San Juan de Dios, el Programa Opini\u00f3n P\u00fablica, de Radio Mi Favorita, \u00a0arranc\u00f3 su Tour de verano, en el hist\u00f3rico pueblo de Nat\u00e1 de [&hellip;]<\/p>\n","protected":false},"author":3,"featured_media":394,"comment_status":"closed","ping_status":"open","sticky":false,"template":"","format":"standard","meta":{"footnotes":""},"categories":[1],"tags":[],"class_list":["post-392","post","type-post","status-publish","format-standard","has-post-thumbnail","hentry","category-noticias"],"_links":{"self":[{"href":"https:\/\/mifavorita.com.pa\/2017\/wp-json\/wp\/v2\/posts\/392","targetHints":{"allow":["GET"]}}],"collection":[{"href":"https:\/\/mifavorita.com.pa\/2017\/wp-json\/wp\/v2\/posts"}],"about":[{"href":"https:\/\/mifavorita.com.pa\/2017\/wp-json\/wp\/v2\/types\/post"}],"author":[{"embeddable":true,"href":"https:\/\/mifavorita.com.pa\/2017\/wp-json\/wp\/v2\/users\/3"}],"replies":[{"embeddable":true,"href":"https:\/\/mifavorita.com.pa\/2017\/wp-json\/wp\/v2\/comments?post=392"}],"version-history":[{"count":1,"href":"https:\/\/mifavorita.com.pa\/2017\/wp-json\/wp\/v2\/posts\/392\/revisions"}],"predecessor-version":[{"id":397,"href":"https:\/\/mifavorita.com.pa\/2017\/wp-json\/wp\/v2\/posts\/392\/revisions\/397"}],"wp:featuredmedia":[{"embeddable":true,"href":"https:\/\/mifavorita.com.pa\/2017\/wp-json\/wp\/v2\/media\/394"}],"wp:attachment":[{"href":"https:\/\/mifavorita.com.pa\/2017\/wp-json\/wp\/v2\/media?parent=392"}],"wp:term":[{"taxonomy":"category","embeddable":true,"href":"https:\/\/mifavorita.com.pa\/2017\/wp-json\/wp\/v2\/categories?post=392"},{"taxonomy":"post_tag","embeddable":true,"href":"https:\/\/mifavorita.com.pa\/2017\/wp-json\/wp\/v2\/tags?post=392"}],"curies":[{"name":"wp","href":"https:\/\/api.w.org\/{rel}","templated":true}]}}