{"id":398,"date":"2017-03-11T05:47:25","date_gmt":"2017-03-11T05:47:25","guid":{"rendered":"http:\/\/mifavorita.com.pa\/2017\/?p=398"},"modified":"2017-03-11T05:47:25","modified_gmt":"2017-03-11T05:47:25","slug":"inundaciones-provocan-danos-en-cultivos-de-sandia-y-cebollas","status":"publish","type":"post","link":"https:\/\/mifavorita.com.pa\/2017\/inundaciones-provocan-danos-en-cultivos-de-sandia-y-cebollas\/","title":{"rendered":"Inundaciones provocan da\u00f1os en cultivos de sand\u00eda y cebollas"},"content":{"rendered":"<p>&nbsp;<\/p>\n<p>&nbsp;<\/p>\n<p>EDILSA GONZALEZ ROCA<\/p>\n<p>COCL\u00c9.<\/p>\n<p>&nbsp;<\/p>\n<p>Al menos 90 mil d\u00f3lares en p\u00e9rdidas en los cultivos de sand\u00eda y cebollas han dejado las lluvias que generaron la crecida del R\u00edo Grande esta semana en la provincia de Cocl\u00e9, lo que afect\u00f3 unas 15 hect\u00e1reas de sand\u00edas y tres de cebollas en el \u00e1rea de R\u00edo Grande, Cerrozuela y Nat\u00e1.<\/p>\n<p>Las mayores afectaciones se dieron en R\u00edo Grande en donde la inundaci\u00f3n afect\u00f3 15 hect\u00e1reas de sand\u00eda que son p\u00e9rdida total, pues estaban a unas semanas se maduraci\u00f3n y el agua da\u00f1\u00f3 las plantaciones afectando no solo a la empresa Agro Tropical Sostenible, que exporta sand\u00edas a Europa, sino tambi\u00e9n a unos 150 trabajadores del \u00e1rea que no podr\u00e1n ser contratados para cosechas y embalaje de la fruta.<\/p>\n<p>Omar Alberto Gonz\u00e1lez, due\u00f1o de Agro Tropical Sostenible, dijo a sus cultivos se faltaban unos 8 d\u00edas para cosecharse lo que significa que la producci\u00f3n estaba en un 95% de avance, cada hect\u00e1rea tiene un costo de seis mil d\u00f3lares y sus inversi\u00f3n estaba pr\u00e1cticamente hecha.<\/p>\n<p>Indic\u00f3 que no solo se trata de las p\u00e9rdidas locales sino que toda su producci\u00f3n estaba comprometida con los mercados internacionales e incluso hab\u00eda logrado financiamiento de sus clientes internacionales debido a que acceder a cr\u00e9dito local es dif\u00edcil y debido a la calidad del producto le hab\u00edan financiado la cosecha.<\/p>\n<p>Al igual que las p\u00e9rdidas en los cultivos de cebollas varias parcelas de cebollas en el \u00e1rea de Nat\u00e1 y Cerrozuela, tambi\u00e9n fueron cubiertas por las inundaciones, pero los productores esperan que se puedan recuperar, si las lluvias no contin\u00faan.<\/p>\n<p>Aurea Real, directora regional del Ministerio de Desarrollo Agropecuario (Mida), inform\u00f3 que las agencias Nat\u00e1 y Penonom\u00e9, est\u00e1n haciendo las evaluaciones de las \u00e1reas afectadas tanto del rubro cebolla como de sand\u00eda, algunas de las cuales est\u00e1n aseguradas.<\/p>\n","protected":false},"excerpt":{"rendered":"<p>&nbsp; &nbsp; EDILSA GONZALEZ ROCA COCL\u00c9. &nbsp; Al menos 90 mil d\u00f3lares en p\u00e9rdidas en los cultivos de sand\u00eda y cebollas han dejado las lluvias que generaron la crecida del R\u00edo Grande esta semana en la provincia de Cocl\u00e9, lo que afect\u00f3 unas 15 hect\u00e1reas de sand\u00edas y tres de cebollas en el \u00e1rea de [&hellip;]<\/p>\n","protected":false},"author":3,"featured_media":399,"comment_status":"closed","ping_status":"open","sticky":false,"template":"","format":"standard","meta":{"footnotes":""},"categories":[1],"tags":[],"class_list":["post-398","post","type-post","status-publish","format-standard","has-post-thumbnail","hentry","category-noticias"],"_links":{"self":[{"href":"https:\/\/mifavorita.com.pa\/2017\/wp-json\/wp\/v2\/posts\/398","targetHints":{"allow":["GET"]}}],"collection":[{"href":"https:\/\/mifavorita.com.pa\/2017\/wp-json\/wp\/v2\/posts"}],"about":[{"href":"https:\/\/mifavorita.com.pa\/2017\/wp-json\/wp\/v2\/types\/post"}],"author":[{"embeddable":true,"href":"https:\/\/mifavorita.com.pa\/2017\/wp-json\/wp\/v2\/users\/3"}],"replies":[{"embeddable":true,"href":"https:\/\/mifavorita.com.pa\/2017\/wp-json\/wp\/v2\/comments?post=398"}],"version-history":[{"count":1,"href":"https:\/\/mifavorita.com.pa\/2017\/wp-json\/wp\/v2\/posts\/398\/revisions"}],"predecessor-version":[{"id":400,"href":"https:\/\/mifavorita.com.pa\/2017\/wp-json\/wp\/v2\/posts\/398\/revisions\/400"}],"wp:featuredmedia":[{"embeddable":true,"href":"https:\/\/mifavorita.com.pa\/2017\/wp-json\/wp\/v2\/media\/399"}],"wp:attachment":[{"href":"https:\/\/mifavorita.com.pa\/2017\/wp-json\/wp\/v2\/media?parent=398"}],"wp:term":[{"taxonomy":"category","embeddable":true,"href":"https:\/\/mifavorita.com.pa\/2017\/wp-json\/wp\/v2\/categories?post=398"},{"taxonomy":"post_tag","embeddable":true,"href":"https:\/\/mifavorita.com.pa\/2017\/wp-json\/wp\/v2\/tags?post=398"}],"curies":[{"name":"wp","href":"https:\/\/api.w.org\/{rel}","templated":true}]}}