{"id":405,"date":"2017-03-17T22:36:46","date_gmt":"2017-03-17T22:36:46","guid":{"rendered":"http:\/\/mifavorita.com.pa\/2017\/?p=405"},"modified":"2017-03-17T22:36:46","modified_gmt":"2017-03-17T22:36:46","slug":"apagon-causa-danos-en-toma-de-agua-de-penonome","status":"publish","type":"post","link":"https:\/\/mifavorita.com.pa\/2017\/apagon-causa-danos-en-toma-de-agua-de-penonome\/","title":{"rendered":"Apag\u00f3n causa da\u00f1os en toma de agua de Penonom\u00e9"},"content":{"rendered":"<p>Un nuevo apag\u00f3n en el \u00e1rea donde se encuentra ubicada la toma de agua de la planta potabilizadora de Penonom\u00e9 dej\u00f3 la tarde de este viernes a los penonome\u00f1os sin agua.<\/p>\n<p>El da\u00f1o se report\u00f3 a eso del mediod\u00eda, lo que moviliz\u00f3 al personal de la instituci\u00f3n para tratar de ubicar el da\u00f1o y definir las estrategias a seguir, a eso de la una y treinta el director regional del Idaan Arturo Rodr\u00edguez, dijo que se trataba de una pieza denominada \u201cglandula\u201d, que por la presi\u00f3n de la cantidad de agua que se regresa a la toma por la falta de energ\u00eda se averi\u00f3.<\/p>\n<p>Para realizar las reparaciones funcionarios del Idaan intentaban conseguir una retro de martillo para romper la loza y ubicar el da\u00f1o para posteriormente proceder con las reparaciones, sin embrago la falta de recursos para alquilar equipos y la consecuci\u00f3n de la pieza podr\u00edan llevar al menos 24 horas o m\u00e1s seg\u00fan informaron los funcionarios.<\/p>\n<p>Rodr\u00edguez, se\u00f1al\u00f3 que ante la contingencia hab\u00edan solicitado el apoyo con carros cisternas de la entidad para comenzar la distribuci\u00f3n de agua en las zonas m\u00e1s afectadas, hospitales y centros penitenciarios, a\u00fan no se ha dado a conocer cuando se iniciar\u00e1 el proceso de distribuci\u00f3n de agua y en que \u00e1rea se iniciar\u00e1.<\/p>\n<p>&nbsp;<\/p>\n<p><strong>Por:<\/strong><\/p>\n<p><em><strong>EDILSA GONZALEZ ROCA<\/strong><\/em><\/p>\n<p><em><strong>COCL\u00c9.<\/strong><\/em><\/p>\n","protected":false},"excerpt":{"rendered":"<p>Un nuevo apag\u00f3n en el \u00e1rea donde se encuentra ubicada la toma de agua de la planta potabilizadora de Penonom\u00e9 dej\u00f3 la tarde de este viernes a los penonome\u00f1os sin agua. El da\u00f1o se report\u00f3 a eso del mediod\u00eda, lo que moviliz\u00f3 al personal de la instituci\u00f3n para tratar de ubicar el da\u00f1o y definir [&hellip;]<\/p>\n","protected":false},"author":3,"featured_media":406,"comment_status":"closed","ping_status":"open","sticky":false,"template":"","format":"standard","meta":{"footnotes":""},"categories":[1],"tags":[],"class_list":["post-405","post","type-post","status-publish","format-standard","has-post-thumbnail","hentry","category-noticias"],"_links":{"self":[{"href":"https:\/\/mifavorita.com.pa\/2017\/wp-json\/wp\/v2\/posts\/405","targetHints":{"allow":["GET"]}}],"collection":[{"href":"https:\/\/mifavorita.com.pa\/2017\/wp-json\/wp\/v2\/posts"}],"about":[{"href":"https:\/\/mifavorita.com.pa\/2017\/wp-json\/wp\/v2\/types\/post"}],"author":[{"embeddable":true,"href":"https:\/\/mifavorita.com.pa\/2017\/wp-json\/wp\/v2\/users\/3"}],"replies":[{"embeddable":true,"href":"https:\/\/mifavorita.com.pa\/2017\/wp-json\/wp\/v2\/comments?post=405"}],"version-history":[{"count":1,"href":"https:\/\/mifavorita.com.pa\/2017\/wp-json\/wp\/v2\/posts\/405\/revisions"}],"predecessor-version":[{"id":407,"href":"https:\/\/mifavorita.com.pa\/2017\/wp-json\/wp\/v2\/posts\/405\/revisions\/407"}],"wp:featuredmedia":[{"embeddable":true,"href":"https:\/\/mifavorita.com.pa\/2017\/wp-json\/wp\/v2\/media\/406"}],"wp:attachment":[{"href":"https:\/\/mifavorita.com.pa\/2017\/wp-json\/wp\/v2\/media?parent=405"}],"wp:term":[{"taxonomy":"category","embeddable":true,"href":"https:\/\/mifavorita.com.pa\/2017\/wp-json\/wp\/v2\/categories?post=405"},{"taxonomy":"post_tag","embeddable":true,"href":"https:\/\/mifavorita.com.pa\/2017\/wp-json\/wp\/v2\/tags?post=405"}],"curies":[{"name":"wp","href":"https:\/\/api.w.org\/{rel}","templated":true}]}}