{"id":440,"date":"2017-04-11T21:45:28","date_gmt":"2017-04-11T21:45:28","guid":{"rendered":"http:\/\/mifavorita.com.pa\/2017\/?p=440"},"modified":"2017-04-12T01:53:47","modified_gmt":"2017-04-12T01:53:47","slug":"estudiantes-de-tucue-escenifican-la-pasion-de-cristo","status":"publish","type":"post","link":"https:\/\/mifavorita.com.pa\/2017\/estudiantes-de-tucue-escenifican-la-pasion-de-cristo\/","title":{"rendered":"Estudiantes de Tucu\u00e9 escenifican la Pasi\u00f3n de Cristo"},"content":{"rendered":"<p>EDILSA GONZALEZ ROCA<\/p>\n<p>COCL\u00c9,<\/p>\n<p>&nbsp;<\/p>\n<p>Por segundo a\u00f1o consecutivo, estudiantes del Centro Educativo Manuel Ja\u00e9n Rodr\u00edguez, escenificaron el Drama de la Pasi\u00f3n de Jes\u00fas en la comunidad de \u00a0Tucu\u00e9 a unos 45 minutos al norte de la ciudad de Penonom\u00e9.<\/p>\n<p>Se trata de una escuela de \u00e1rea muy humilde en donde a pesar de las carencias y dificultades que enfrentan, los j\u00f3venes de la Pastoral Educativa han decido dan a conocer de una forma sencilla la historia de la vida de Jes\u00fas, quien entreg\u00f3 la vida por toda la humanidad.<\/p>\n<p>Aseguran que han encontrado en los estudiantes de todos los niveles, el\u00a0 entusiasmo por participar de esta actividad que por segundo a\u00f1o realizan y que adem\u00e1s es una forma de evangelizar y hacer que desde ni\u00f1os la comunidad comprenda la importancia de la Semana Santa.<\/p>\n<p>Gerardo Barrios, coordinador de la actividad se\u00f1al\u00f3 que, cada a\u00f1o la comunidad espera con entusiasmo la dramatizaci\u00f3n de esta obra en la que se preparan con un mes de anticipaci\u00f3n tanto para que los ni\u00f1os y j\u00f3venes aprenden sus di\u00e1logos como en la preparaci\u00f3n de los escenarios y el recorrido del V\u00eda Crucis.<\/p>\n<p><img fetchpriority=\"high\" decoding=\"async\" class=\"alignnone size-medium wp-image-442\" src=\"http:\/\/mifavorita.com.pa\/2017\/wp-content\/uploads\/2017\/04\/1-300x225.jpg\" alt=\"\" width=\"300\" height=\"225\" srcset=\"https:\/\/mifavorita.com.pa\/2017\/wp-content\/uploads\/2017\/04\/1-300x225.jpg 300w, https:\/\/mifavorita.com.pa\/2017\/wp-content\/uploads\/2017\/04\/1-768x576.jpg 768w, https:\/\/mifavorita.com.pa\/2017\/wp-content\/uploads\/2017\/04\/1-1024x768.jpg 1024w, https:\/\/mifavorita.com.pa\/2017\/wp-content\/uploads\/2017\/04\/1-678x509.jpg 678w, https:\/\/mifavorita.com.pa\/2017\/wp-content\/uploads\/2017\/04\/1-326x245.jpg 326w, https:\/\/mifavorita.com.pa\/2017\/wp-content\/uploads\/2017\/04\/1-80x60.jpg 80w, https:\/\/mifavorita.com.pa\/2017\/wp-content\/uploads\/2017\/04\/1.jpg 1032w\" sizes=\"(max-width: 300px) 100vw, 300px\" \/>\u00a0\u00a0\u00a0 <img decoding=\"async\" class=\"size-medium wp-image-443 alignnone\" src=\"http:\/\/mifavorita.com.pa\/2017\/wp-content\/uploads\/2017\/04\/10-300x225.jpg\" alt=\"\" width=\"300\" height=\"225\" srcset=\"https:\/\/mifavorita.com.pa\/2017\/wp-content\/uploads\/2017\/04\/10-300x225.jpg 300w, https:\/\/mifavorita.com.pa\/2017\/wp-content\/uploads\/2017\/04\/10-768x576.jpg 768w, https:\/\/mifavorita.com.pa\/2017\/wp-content\/uploads\/2017\/04\/10-1024x768.jpg 1024w, https:\/\/mifavorita.com.pa\/2017\/wp-content\/uploads\/2017\/04\/10-678x509.jpg 678w, https:\/\/mifavorita.com.pa\/2017\/wp-content\/uploads\/2017\/04\/10-326x245.jpg 326w, https:\/\/mifavorita.com.pa\/2017\/wp-content\/uploads\/2017\/04\/10-80x60.jpg 80w, https:\/\/mifavorita.com.pa\/2017\/wp-content\/uploads\/2017\/04\/10.jpg 1032w\" sizes=\"(max-width: 300px) 100vw, 300px\" \/><\/p>\n<p><em>Fotos: V\u00eda crucis realizado en el \u00e1rea de la escuela.<\/em><\/p>\n","protected":false},"excerpt":{"rendered":"<p>EDILSA GONZALEZ ROCA COCL\u00c9, &nbsp; Por segundo a\u00f1o consecutivo, estudiantes del Centro Educativo Manuel Ja\u00e9n Rodr\u00edguez, escenificaron el Drama de la Pasi\u00f3n de Jes\u00fas en la comunidad de \u00a0Tucu\u00e9 a unos 45 minutos al norte de la ciudad de Penonom\u00e9. Se trata de una escuela de \u00e1rea muy humilde en donde a pesar de las [&hellip;]<\/p>\n","protected":false},"author":3,"featured_media":441,"comment_status":"closed","ping_status":"open","sticky":false,"template":"","format":"standard","meta":{"footnotes":""},"categories":[1],"tags":[],"class_list":["post-440","post","type-post","status-publish","format-standard","has-post-thumbnail","hentry","category-noticias"],"_links":{"self":[{"href":"https:\/\/mifavorita.com.pa\/2017\/wp-json\/wp\/v2\/posts\/440","targetHints":{"allow":["GET"]}}],"collection":[{"href":"https:\/\/mifavorita.com.pa\/2017\/wp-json\/wp\/v2\/posts"}],"about":[{"href":"https:\/\/mifavorita.com.pa\/2017\/wp-json\/wp\/v2\/types\/post"}],"author":[{"embeddable":true,"href":"https:\/\/mifavorita.com.pa\/2017\/wp-json\/wp\/v2\/users\/3"}],"replies":[{"embeddable":true,"href":"https:\/\/mifavorita.com.pa\/2017\/wp-json\/wp\/v2\/comments?post=440"}],"version-history":[{"count":2,"href":"https:\/\/mifavorita.com.pa\/2017\/wp-json\/wp\/v2\/posts\/440\/revisions"}],"predecessor-version":[{"id":452,"href":"https:\/\/mifavorita.com.pa\/2017\/wp-json\/wp\/v2\/posts\/440\/revisions\/452"}],"wp:featuredmedia":[{"embeddable":true,"href":"https:\/\/mifavorita.com.pa\/2017\/wp-json\/wp\/v2\/media\/441"}],"wp:attachment":[{"href":"https:\/\/mifavorita.com.pa\/2017\/wp-json\/wp\/v2\/media?parent=440"}],"wp:term":[{"taxonomy":"category","embeddable":true,"href":"https:\/\/mifavorita.com.pa\/2017\/wp-json\/wp\/v2\/categories?post=440"},{"taxonomy":"post_tag","embeddable":true,"href":"https:\/\/mifavorita.com.pa\/2017\/wp-json\/wp\/v2\/tags?post=440"}],"curies":[{"name":"wp","href":"https:\/\/api.w.org\/{rel}","templated":true}]}}