{"id":445,"date":"2017-04-11T21:59:54","date_gmt":"2017-04-11T21:59:54","guid":{"rendered":"http:\/\/mifavorita.com.pa\/2017\/?p=445"},"modified":"2017-04-11T21:59:54","modified_gmt":"2017-04-11T21:59:54","slug":"la-tradicion-del-sabado-de-ramos-en-penonome","status":"publish","type":"post","link":"https:\/\/mifavorita.com.pa\/2017\/la-tradicion-del-sabado-de-ramos-en-penonome\/","title":{"rendered":"La tradici\u00f3n del s\u00e1bado de Ramos en Penonom\u00e9"},"content":{"rendered":"<p>EDILSA GONZALEZ ROCA<\/p>\n<p>COCL\u00c9.<\/p>\n<p>Penonom\u00e9 como todo pueblo del interior cuenta con muchas tradiciones y especialmente en la \u00e9poca de Semana Santa, se practican muchas costumbres algunas de las cuales se han heredado por generaciones, tal es el caso de la celebraci\u00f3n del S\u00e1bado de Ramos, que lleva ya m\u00e1s de 200 a\u00f1os.<\/p>\n<p>Seg\u00fan nos cuenta la profesora Marina Arosemena, estudiosa de las costumbres y folclore del pueblo penonome\u00f1o, la tradici\u00f3n del s\u00e1bado de Ramos viene del tiempo de la colonia, pues los estudios que se han hecho as\u00ed lo demuestran.<\/p>\n<p>\u00c9sta nace en el Barrio de San Antonio, que ten\u00eda por costumbre despu\u00e9s de la procesi\u00f3n del encuentro de Jes\u00fas con su madre, en Viernes de Dolores la imagen de Jes\u00fas era llevada a la Capilla de san Antonio y all\u00ed era preparado para ser visitado durante todo el d\u00eda, llevaban a los ni\u00f1os a que le besaran los pies y se le depositaba una peque\u00f1a limosna.<\/p>\n<p>Con el pasar de los a\u00f1os a esta tradici\u00f3n se uni\u00f3 la celebraci\u00f3n de la Feria de San Antonio, que inici\u00f3 hace muchos a\u00f1os el Maestro Silva, debido a que la capilla requer\u00eda de mejoras y se ide\u00f3 hacer venta de comidas y chichas, que en algo representa lo que ocurri\u00f3 aquella noche en Betania.<\/p>\n<audio class=\"wp-audio-shortcode\" id=\"audio-445-1\" preload=\"none\" style=\"width: 100%;\" controls=\"controls\"><source type=\"audio\/mpeg\" src=\"http:\/\/mifavorita.com.pa\/2017\/wp-content\/uploads\/2017\/04\/REPORTAJE-LA-TRADICI\u00d3N-DEL-S\u00c1BADO-DE-RAMOS.mp3?_=1\" \/><a href=\"http:\/\/mifavorita.com.pa\/2017\/wp-content\/uploads\/2017\/04\/REPORTAJE-LA-TRADICI\u00d3N-DEL-S\u00c1BADO-DE-RAMOS.mp3\">http:\/\/mifavorita.com.pa\/2017\/wp-content\/uploads\/2017\/04\/REPORTAJE-LA-TRADICI\u00d3N-DEL-S\u00c1BADO-DE-RAMOS.mp3<\/a><\/audio>\n<p><strong><em>Audio. <\/em><\/strong><em>Reportaje de la tradici\u00f3n del S\u00e1bado de Ramos en Penonom\u00e9<\/em><\/p>\n<p><img fetchpriority=\"high\" decoding=\"async\" class=\"alignnone size-medium wp-image-448\" src=\"http:\/\/mifavorita.com.pa\/2017\/wp-content\/uploads\/2017\/04\/20170408_190313-300x225.jpg\" alt=\"\" width=\"300\" height=\"225\" srcset=\"https:\/\/mifavorita.com.pa\/2017\/wp-content\/uploads\/2017\/04\/20170408_190313-300x225.jpg 300w, https:\/\/mifavorita.com.pa\/2017\/wp-content\/uploads\/2017\/04\/20170408_190313-768x576.jpg 768w, https:\/\/mifavorita.com.pa\/2017\/wp-content\/uploads\/2017\/04\/20170408_190313-1024x768.jpg 1024w, https:\/\/mifavorita.com.pa\/2017\/wp-content\/uploads\/2017\/04\/20170408_190313-678x509.jpg 678w, https:\/\/mifavorita.com.pa\/2017\/wp-content\/uploads\/2017\/04\/20170408_190313-326x245.jpg 326w, https:\/\/mifavorita.com.pa\/2017\/wp-content\/uploads\/2017\/04\/20170408_190313-80x60.jpg 80w\" sizes=\"(max-width: 300px) 100vw, 300px\" \/>\u00a0\u00a0\u00a0\u00a0\u00a0 <img decoding=\"async\" class=\"alignnone size-medium wp-image-449\" src=\"http:\/\/mifavorita.com.pa\/2017\/wp-content\/uploads\/2017\/04\/20170408_185858-300x225.jpg\" alt=\"\" width=\"300\" height=\"225\" srcset=\"https:\/\/mifavorita.com.pa\/2017\/wp-content\/uploads\/2017\/04\/20170408_185858-300x225.jpg 300w, https:\/\/mifavorita.com.pa\/2017\/wp-content\/uploads\/2017\/04\/20170408_185858-768x576.jpg 768w, https:\/\/mifavorita.com.pa\/2017\/wp-content\/uploads\/2017\/04\/20170408_185858-1024x768.jpg 1024w, https:\/\/mifavorita.com.pa\/2017\/wp-content\/uploads\/2017\/04\/20170408_185858-678x509.jpg 678w, https:\/\/mifavorita.com.pa\/2017\/wp-content\/uploads\/2017\/04\/20170408_185858-326x245.jpg 326w, https:\/\/mifavorita.com.pa\/2017\/wp-content\/uploads\/2017\/04\/20170408_185858-80x60.jpg 80w\" sizes=\"(max-width: 300px) 100vw, 300px\" \/><\/p>\n<p><strong>Fotos<\/strong>. <em>Feria realizada en el barrio de San Antonio, Penonom\u00e9.<\/em><\/p>\n","protected":false},"excerpt":{"rendered":"<p>EDILSA GONZALEZ ROCA COCL\u00c9. Penonom\u00e9 como todo pueblo del interior cuenta con muchas tradiciones y especialmente en la \u00e9poca de Semana Santa, se practican muchas costumbres algunas de las cuales se han heredado por generaciones, tal es el caso de la celebraci\u00f3n del S\u00e1bado de Ramos, que lleva ya m\u00e1s de 200 a\u00f1os. Seg\u00fan nos [&hellip;]<\/p>\n","protected":false},"author":3,"featured_media":446,"comment_status":"closed","ping_status":"open","sticky":false,"template":"","format":"standard","meta":{"footnotes":""},"categories":[1],"tags":[],"class_list":["post-445","post","type-post","status-publish","format-standard","has-post-thumbnail","hentry","category-noticias"],"_links":{"self":[{"href":"https:\/\/mifavorita.com.pa\/2017\/wp-json\/wp\/v2\/posts\/445","targetHints":{"allow":["GET"]}}],"collection":[{"href":"https:\/\/mifavorita.com.pa\/2017\/wp-json\/wp\/v2\/posts"}],"about":[{"href":"https:\/\/mifavorita.com.pa\/2017\/wp-json\/wp\/v2\/types\/post"}],"author":[{"embeddable":true,"href":"https:\/\/mifavorita.com.pa\/2017\/wp-json\/wp\/v2\/users\/3"}],"replies":[{"embeddable":true,"href":"https:\/\/mifavorita.com.pa\/2017\/wp-json\/wp\/v2\/comments?post=445"}],"version-history":[{"count":2,"href":"https:\/\/mifavorita.com.pa\/2017\/wp-json\/wp\/v2\/posts\/445\/revisions"}],"predecessor-version":[{"id":451,"href":"https:\/\/mifavorita.com.pa\/2017\/wp-json\/wp\/v2\/posts\/445\/revisions\/451"}],"wp:featuredmedia":[{"embeddable":true,"href":"https:\/\/mifavorita.com.pa\/2017\/wp-json\/wp\/v2\/media\/446"}],"wp:attachment":[{"href":"https:\/\/mifavorita.com.pa\/2017\/wp-json\/wp\/v2\/media?parent=445"}],"wp:term":[{"taxonomy":"category","embeddable":true,"href":"https:\/\/mifavorita.com.pa\/2017\/wp-json\/wp\/v2\/categories?post=445"},{"taxonomy":"post_tag","embeddable":true,"href":"https:\/\/mifavorita.com.pa\/2017\/wp-json\/wp\/v2\/tags?post=445"}],"curies":[{"name":"wp","href":"https:\/\/api.w.org\/{rel}","templated":true}]}}