{"id":453,"date":"2017-04-13T05:40:01","date_gmt":"2017-04-13T05:40:01","guid":{"rendered":"http:\/\/mifavorita.com.pa\/2017\/?p=453"},"modified":"2017-04-13T05:40:01","modified_gmt":"2017-04-13T05:40:01","slug":"la-puerta-de-tierra","status":"publish","type":"post","link":"https:\/\/mifavorita.com.pa\/2017\/la-puerta-de-tierra\/","title":{"rendered":"La Puerta de Tierra"},"content":{"rendered":"<p>EDILSA GONZALEZ ROCA<\/p>\n<p>COCL\u00c9.<\/p>\n<p>Hablando de tradiciones de Semana Santa \u00a0el pueblo de Penonom\u00e9 es rico en infinidad de hechos y actividades que marcan y atraen la visita y participaci\u00f3n de j\u00f3venes, ni\u00f1os y adultos mayores, desde las procesiones y los V\u00eda Crucis, hasta los tradicionales dulces y comidas de Semana Santa que en cada casa practican como un ritual en cada ocasi\u00f3n.<\/p>\n<p>Una de estas tantas tradiciones nos habla de la celebraci\u00f3n del Domingo de Ramos y el paso por la Puerta de Tierra, cuya costumbre data de cientos de a\u00f1os seg\u00fan nos cuentan historiadores y gente de mayor edad.<\/p>\n<p>La conocida Puerta de Tierra se ubica en la callecita que conecta San Antonio con la Calle Dami\u00e1n Carles y por all\u00ed cada Domingo de Ramos pasa Jes\u00fas Triunfante.<\/p>\n<audio class=\"wp-audio-shortcode\" id=\"audio-453-1\" preload=\"none\" style=\"width: 100%;\" controls=\"controls\"><source type=\"audio\/mpeg\" src=\"http:\/\/mifavorita.com.pa\/2017\/wp-content\/uploads\/2017\/04\/REPORTAJE-LA-PUERTA-DE-TIERRA.mp3?_=1\" \/><a href=\"http:\/\/mifavorita.com.pa\/2017\/wp-content\/uploads\/2017\/04\/REPORTAJE-LA-PUERTA-DE-TIERRA.mp3\">http:\/\/mifavorita.com.pa\/2017\/wp-content\/uploads\/2017\/04\/REPORTAJE-LA-PUERTA-DE-TIERRA.mp3<\/a><\/audio>\n<p><strong>Audio.<\/strong> <em>Reportaje completo de la puerta de tierra<\/em><\/p>\n","protected":false},"excerpt":{"rendered":"<p>EDILSA GONZALEZ ROCA COCL\u00c9. Hablando de tradiciones de Semana Santa \u00a0el pueblo de Penonom\u00e9 es rico en infinidad de hechos y actividades que marcan y atraen la visita y participaci\u00f3n de j\u00f3venes, ni\u00f1os y adultos mayores, desde las procesiones y los V\u00eda Crucis, hasta los tradicionales dulces y comidas de Semana Santa que en cada [&hellip;]<\/p>\n","protected":false},"author":3,"featured_media":455,"comment_status":"closed","ping_status":"open","sticky":false,"template":"","format":"standard","meta":{"footnotes":""},"categories":[1],"tags":[],"class_list":["post-453","post","type-post","status-publish","format-standard","has-post-thumbnail","hentry","category-noticias"],"_links":{"self":[{"href":"https:\/\/mifavorita.com.pa\/2017\/wp-json\/wp\/v2\/posts\/453","targetHints":{"allow":["GET"]}}],"collection":[{"href":"https:\/\/mifavorita.com.pa\/2017\/wp-json\/wp\/v2\/posts"}],"about":[{"href":"https:\/\/mifavorita.com.pa\/2017\/wp-json\/wp\/v2\/types\/post"}],"author":[{"embeddable":true,"href":"https:\/\/mifavorita.com.pa\/2017\/wp-json\/wp\/v2\/users\/3"}],"replies":[{"embeddable":true,"href":"https:\/\/mifavorita.com.pa\/2017\/wp-json\/wp\/v2\/comments?post=453"}],"version-history":[{"count":1,"href":"https:\/\/mifavorita.com.pa\/2017\/wp-json\/wp\/v2\/posts\/453\/revisions"}],"predecessor-version":[{"id":456,"href":"https:\/\/mifavorita.com.pa\/2017\/wp-json\/wp\/v2\/posts\/453\/revisions\/456"}],"wp:featuredmedia":[{"embeddable":true,"href":"https:\/\/mifavorita.com.pa\/2017\/wp-json\/wp\/v2\/media\/455"}],"wp:attachment":[{"href":"https:\/\/mifavorita.com.pa\/2017\/wp-json\/wp\/v2\/media?parent=453"}],"wp:term":[{"taxonomy":"category","embeddable":true,"href":"https:\/\/mifavorita.com.pa\/2017\/wp-json\/wp\/v2\/categories?post=453"},{"taxonomy":"post_tag","embeddable":true,"href":"https:\/\/mifavorita.com.pa\/2017\/wp-json\/wp\/v2\/tags?post=453"}],"curies":[{"name":"wp","href":"https:\/\/api.w.org\/{rel}","templated":true}]}}