{"id":461,"date":"2017-04-22T01:17:03","date_gmt":"2017-04-22T01:17:03","guid":{"rendered":"http:\/\/mifavorita.com.pa\/2017\/?p=461"},"modified":"2017-04-22T01:17:03","modified_gmt":"2017-04-22T01:17:03","slug":"menor-muere-en-accidente-en-el-mar","status":"publish","type":"post","link":"https:\/\/mifavorita.com.pa\/2017\/menor-muere-en-accidente-en-el-mar\/","title":{"rendered":"Menor muere en accidente en el mar"},"content":{"rendered":"<p>EDILSA GONZALREZ ROCA<\/p>\n<p>COCL\u00c9.<\/p>\n<p>Otra tragedia se registr\u00f3 este viernes 21 de abril en horas del mediod\u00eda en las costas de Ant\u00f3n, esta vez, un menor de tan solo 15 a\u00f1os muri\u00f3 degollado cuando ayudaba a su madre en labores de pesca en la playa La Boca de R\u00edo Hato.<\/p>\n<p>En medio del llanto, la madre del menor cont\u00f3 que como era costumbre ella sali\u00f3 a pescar en el \u00e1rea de San Carlos, su hijo el \u00fanico var\u00f3n, siempre le ped\u00eda ir con ella para ayudarla y como est\u00e1 en la escuela en el turno de la tarde, se lo llev\u00f3 y como la pesca no fue buena regresaron.<\/p>\n<p>De vuelta el mar estaba picado y al intentar entrar por la boca del r\u00edo\u00a0el mismo estaba obstaculizado por un banco de arena por lo que decidieron desembarcar en la playa, el hijo le dijo que no se preocupara que \u00e9l se bajaba a empujar el bote y as\u00ed fue, no sabe c\u00f3mo, pero cuando ella mir\u00f3 al ni\u00f1o estaba sangrando por el cuello, as\u00ed mismo lo agarr\u00f3 y lo arrastr\u00f3 a la orilla.<\/p>\n<p>Dice que cuando lleg\u00f3 a la orilla no hab\u00eda nadie, ni carros para sacarlo por lo que un tractorista que realizaba trabajos en el \u00e1rea los traslad\u00f3 hasta donde encontraron un auto que los llev\u00f3 al Centro de Salud de R\u00edo Hato, pero al llegar all\u00ed ya su hijo estaba muerto.<\/p>\n<p>Los pescadores del \u00e1rea dijeron molestos que esta tragedia no debi\u00f3 darse, pues si la boca del r\u00edo no hubiese estado obstruida, la mujer habr\u00eda podido entrar por all\u00ed y el ni\u00f1o tendr\u00eda que haberse bajado a empujar el bote, pero el problema es que debido a las construcciones tur\u00edsticas del \u00e1rea el r\u00edo se obstruye, pero de nada les vale quejarse pues luchan contra poderosos.<\/p>\n<p><img fetchpriority=\"high\" decoding=\"async\" class=\"size-medium wp-image-473 aligncenter\" src=\"http:\/\/mifavorita.com.pa\/2017\/wp-content\/uploads\/2017\/04\/IMG-20170421-WA0066-300x226.jpg\" alt=\"\" width=\"300\" height=\"226\" srcset=\"https:\/\/mifavorita.com.pa\/2017\/wp-content\/uploads\/2017\/04\/IMG-20170421-WA0066-300x226.jpg 300w, https:\/\/mifavorita.com.pa\/2017\/wp-content\/uploads\/2017\/04\/IMG-20170421-WA0066-768x577.jpg 768w, https:\/\/mifavorita.com.pa\/2017\/wp-content\/uploads\/2017\/04\/IMG-20170421-WA0066-1024x770.jpg 1024w, https:\/\/mifavorita.com.pa\/2017\/wp-content\/uploads\/2017\/04\/IMG-20170421-WA0066-678x509.jpg 678w, https:\/\/mifavorita.com.pa\/2017\/wp-content\/uploads\/2017\/04\/IMG-20170421-WA0066-326x245.jpg 326w, https:\/\/mifavorita.com.pa\/2017\/wp-content\/uploads\/2017\/04\/IMG-20170421-WA0066-80x60.jpg 80w, https:\/\/mifavorita.com.pa\/2017\/wp-content\/uploads\/2017\/04\/IMG-20170421-WA0066.jpg 1080w\" sizes=\"(max-width: 300px) 100vw, 300px\" \/><\/p>\n<p style=\"text-align: center;\">Foto. Lugar de los hechos<\/p>\n","protected":false},"excerpt":{"rendered":"<p>EDILSA GONZALREZ ROCA COCL\u00c9. Otra tragedia se registr\u00f3 este viernes 21 de abril en horas del mediod\u00eda en las costas de Ant\u00f3n, esta vez, un menor de tan solo 15 a\u00f1os muri\u00f3 degollado cuando ayudaba a su madre en labores de pesca en la playa La Boca de R\u00edo Hato. En medio del llanto, la [&hellip;]<\/p>\n","protected":false},"author":3,"featured_media":472,"comment_status":"closed","ping_status":"open","sticky":false,"template":"","format":"standard","meta":{"footnotes":""},"categories":[1],"tags":[],"class_list":["post-461","post","type-post","status-publish","format-standard","has-post-thumbnail","hentry","category-noticias"],"_links":{"self":[{"href":"https:\/\/mifavorita.com.pa\/2017\/wp-json\/wp\/v2\/posts\/461","targetHints":{"allow":["GET"]}}],"collection":[{"href":"https:\/\/mifavorita.com.pa\/2017\/wp-json\/wp\/v2\/posts"}],"about":[{"href":"https:\/\/mifavorita.com.pa\/2017\/wp-json\/wp\/v2\/types\/post"}],"author":[{"embeddable":true,"href":"https:\/\/mifavorita.com.pa\/2017\/wp-json\/wp\/v2\/users\/3"}],"replies":[{"embeddable":true,"href":"https:\/\/mifavorita.com.pa\/2017\/wp-json\/wp\/v2\/comments?post=461"}],"version-history":[{"count":2,"href":"https:\/\/mifavorita.com.pa\/2017\/wp-json\/wp\/v2\/posts\/461\/revisions"}],"predecessor-version":[{"id":474,"href":"https:\/\/mifavorita.com.pa\/2017\/wp-json\/wp\/v2\/posts\/461\/revisions\/474"}],"wp:featuredmedia":[{"embeddable":true,"href":"https:\/\/mifavorita.com.pa\/2017\/wp-json\/wp\/v2\/media\/472"}],"wp:attachment":[{"href":"https:\/\/mifavorita.com.pa\/2017\/wp-json\/wp\/v2\/media?parent=461"}],"wp:term":[{"taxonomy":"category","embeddable":true,"href":"https:\/\/mifavorita.com.pa\/2017\/wp-json\/wp\/v2\/categories?post=461"},{"taxonomy":"post_tag","embeddable":true,"href":"https:\/\/mifavorita.com.pa\/2017\/wp-json\/wp\/v2\/tags?post=461"}],"curies":[{"name":"wp","href":"https:\/\/api.w.org\/{rel}","templated":true}]}}