{"id":463,"date":"2017-04-18T23:53:20","date_gmt":"2017-04-18T23:53:20","guid":{"rendered":"http:\/\/mifavorita.com.pa\/2017\/?p=463"},"modified":"2017-04-18T23:53:20","modified_gmt":"2017-04-18T23:53:20","slug":"accidente-deja-muerto-en-cocle","status":"publish","type":"post","link":"https:\/\/mifavorita.com.pa\/2017\/accidente-deja-muerto-en-cocle\/","title":{"rendered":"Accidente deja muerto en Cocl\u00e9"},"content":{"rendered":"<blockquote>\n<p style=\"text-align: left;\">EDILSA GONZALEZ ROCA<br \/>\nCOCL\u00c9.<br \/>\nUna mujer muerta y al menos 10 personas heridas fue el resultado de un accidente de tr\u00e1nsito registrado la tarde de este martes en la v\u00eda panamericana cerca a la entrada de Juan Hombr\u00f3n en Ant\u00f3n.<br \/>\nEl hecho se dio bajo una llovizna a eso de las 4 de la tarde cuando un cami\u00f3n cargado de materiales de construcci\u00f3n, choc\u00f3 por detr\u00e1s a un bus de la ruta Las Gu\u00edas-Penonom\u00e9 cargado de pasajeros que se dirig\u00eda hacia Las Gu\u00edas.<br \/>\nVeh\u00edculos particulares y la ambulancia de los bomberos trasladaron a unas diez personas hacia distintos centros hospitalarios.<br \/>\nRoderick Salcedo jefe de los bomberos de Cocl\u00e9 se\u00f1al\u00f3 que hasta las 4 de la tarde se hab\u00edan registrado seis accidentes en todo Cocl\u00e9 y la mayor\u00eda relacionado a velocidad en el manejo, por lo que dijo ya se trata de un problema\u00a0 de conciencia de los conductores.<br \/>\nCon esta nueva v\u00edctima una mujer de unos 48 a\u00f1os residente en R\u00edo Hato, ya suman\u00a0 34 los muertos por accidente de tr\u00e1nsito en la provincia de Cocl\u00e9.<\/p>\n<p><img fetchpriority=\"high\" decoding=\"async\" class=\"attachment-266x266 size-266x266 aligncenter\" src=\"http:\/\/mifavorita.com.pa\/2017\/wp-content\/uploads\/2017\/04\/thumbnail_IMG-20170418-WA0060-1-640x640.jpg\" sizes=\"(max-width: 266px) 100vw, 266px\" srcset=\"http:\/\/mifavorita.com.pa\/2017\/wp-content\/uploads\/2017\/04\/thumbnail_IMG-20170418-WA0060-1-640x640.jpg 640w, http:\/\/mifavorita.com.pa\/2017\/wp-content\/uploads\/2017\/04\/thumbnail_IMG-20170418-WA0060-1-150x150.jpg 150w\" alt=\"\" width=\"266\" height=\"266\" \/><\/p>\n<p><img decoding=\"async\" class=\"size-medium wp-image-466 aligncenter\" src=\"http:\/\/mifavorita.com.pa\/2017\/wp-content\/uploads\/2017\/04\/IMG-20170418-WA0071-300x169.jpg\" alt=\"\" width=\"300\" height=\"169\" srcset=\"https:\/\/mifavorita.com.pa\/2017\/wp-content\/uploads\/2017\/04\/IMG-20170418-WA0071-300x169.jpg 300w, https:\/\/mifavorita.com.pa\/2017\/wp-content\/uploads\/2017\/04\/IMG-20170418-WA0071-768x432.jpg 768w, https:\/\/mifavorita.com.pa\/2017\/wp-content\/uploads\/2017\/04\/IMG-20170418-WA0071-1024x576.jpg 1024w, https:\/\/mifavorita.com.pa\/2017\/wp-content\/uploads\/2017\/04\/IMG-20170418-WA0071-678x381.jpg 678w, https:\/\/mifavorita.com.pa\/2017\/wp-content\/uploads\/2017\/04\/IMG-20170418-WA0071.jpg 1032w\" sizes=\"(max-width: 300px) 100vw, 300px\" \/><\/p>\n<p style=\"text-align: center;\">Foto. Cami\u00f3n involucrado en el accidente.<\/p>\n<\/blockquote>\n","protected":false},"excerpt":{"rendered":"<p>EDILSA GONZALEZ ROCA COCL\u00c9. Una mujer muerta y al menos 10 personas heridas fue el resultado de un accidente de tr\u00e1nsito registrado la tarde de este martes en la v\u00eda panamericana cerca a la entrada de Juan Hombr\u00f3n en Ant\u00f3n. El hecho se dio bajo una llovizna a eso de las 4 de la tarde [&hellip;]<\/p>\n","protected":false},"author":3,"featured_media":467,"comment_status":"closed","ping_status":"open","sticky":false,"template":"","format":"standard","meta":{"footnotes":""},"categories":[1],"tags":[],"class_list":["post-463","post","type-post","status-publish","format-standard","has-post-thumbnail","hentry","category-noticias"],"_links":{"self":[{"href":"https:\/\/mifavorita.com.pa\/2017\/wp-json\/wp\/v2\/posts\/463","targetHints":{"allow":["GET"]}}],"collection":[{"href":"https:\/\/mifavorita.com.pa\/2017\/wp-json\/wp\/v2\/posts"}],"about":[{"href":"https:\/\/mifavorita.com.pa\/2017\/wp-json\/wp\/v2\/types\/post"}],"author":[{"embeddable":true,"href":"https:\/\/mifavorita.com.pa\/2017\/wp-json\/wp\/v2\/users\/3"}],"replies":[{"embeddable":true,"href":"https:\/\/mifavorita.com.pa\/2017\/wp-json\/wp\/v2\/comments?post=463"}],"version-history":[{"count":2,"href":"https:\/\/mifavorita.com.pa\/2017\/wp-json\/wp\/v2\/posts\/463\/revisions"}],"predecessor-version":[{"id":469,"href":"https:\/\/mifavorita.com.pa\/2017\/wp-json\/wp\/v2\/posts\/463\/revisions\/469"}],"wp:featuredmedia":[{"embeddable":true,"href":"https:\/\/mifavorita.com.pa\/2017\/wp-json\/wp\/v2\/media\/467"}],"wp:attachment":[{"href":"https:\/\/mifavorita.com.pa\/2017\/wp-json\/wp\/v2\/media?parent=463"}],"wp:term":[{"taxonomy":"category","embeddable":true,"href":"https:\/\/mifavorita.com.pa\/2017\/wp-json\/wp\/v2\/categories?post=463"},{"taxonomy":"post_tag","embeddable":true,"href":"https:\/\/mifavorita.com.pa\/2017\/wp-json\/wp\/v2\/tags?post=463"}],"curies":[{"name":"wp","href":"https:\/\/api.w.org\/{rel}","templated":true}]}}