{"id":4761,"date":"2021-09-08T20:42:32","date_gmt":"2021-09-08T20:42:32","guid":{"rendered":"https:\/\/mifavorita.com.pa\/2017\/?p=4761"},"modified":"2021-09-08T20:44:12","modified_gmt":"2021-09-08T20:44:12","slug":"capturan-en-flagancia-a-extorsionadora","status":"publish","type":"post","link":"https:\/\/mifavorita.com.pa\/2017\/capturan-en-flagancia-a-extorsionadora\/","title":{"rendered":"Capturan en flagancia a extorsionadora"},"content":{"rendered":"\n<p><br><br><br>EDILSA GONZ\u00c1LEZ ROCA<br><br>COCL\u00c9.<br><br>Una mujer de 22 a\u00f1os fue capturada en flagrancia por la Polic\u00eda Nacional, durante un operativo conjunto con el Ministerio P\u00fablico y que se organiz\u00f3 tras recibir denuncia de una adulta mayor a la que ped\u00edan dinero para liberar a su hijo que estaba supuestamente secuestrado.<br><br>Seg\u00fan detall\u00f3 la Comisionada jefe de la Zona Policial de Cocl\u00e9, Liliana L\u00f3pez, los delincuentes llamaron a la se\u00f1ora v\u00edctima del hecho y le dijeron que manten\u00edan a sus hijo secuestrado y que para liberarlo ten\u00eda que entregarles una cantidad de dinero.<br><br>La se\u00f1ora nerviosa y con temor que lo que dec\u00edan fuera verdad les dijo que s\u00ed les pagar\u00eda por la liberaci\u00f3n de su hijo, pero al mismo tiempo pidi\u00f3 ayuda a la Polic\u00eda por lo que se procedi\u00f3 a judicializar el dinero del rescate y se arm\u00f3 un operativo autorizado por el Ministerio P\u00fablico, logrando la captura de la mujer cuando se present\u00f3 a buscar el dinero.<br><br>Seg\u00fan L\u00f3pez bajo sus mandato en la provincia este es el primer caso que se reporta de extorsi\u00f3n, pero es un delito por medios tecnol\u00f3gicos que  no solo se intenta en la provincia de Cocl\u00e9 sino tambi\u00e9n en todo el pa\u00eds, por lo que la participaci\u00f3n ciudadana al momento de hacer la denuncia es importante para lograr la captura de los delincuentes.<br><br>En este caso tambi\u00e9n se ubic\u00f3 un veh\u00edculo y no se descarta la participaci\u00f3n de otras personas por lo que se mantiene la investigaci\u00f3n por parte de la fiscal\u00eda.<br><br> <br><br><\/p>\n","protected":false},"excerpt":{"rendered":"<p>EDILSA GONZ\u00c1LEZ ROCA COCL\u00c9. Una mujer de 22 a\u00f1os fue capturada en flagrancia por la Polic\u00eda Nacional, durante un operativo conjunto con el Ministerio P\u00fablico y que se organiz\u00f3 tras recibir denuncia de una adulta mayor a la que ped\u00edan dinero para liberar a su hijo que estaba supuestamente secuestrado. Seg\u00fan detall\u00f3 la Comisionada jefe [&hellip;]<\/p>\n","protected":false},"author":2,"featured_media":4760,"comment_status":"open","ping_status":"open","sticky":false,"template":"","format":"standard","meta":{"footnotes":""},"categories":[1],"tags":[],"class_list":["post-4761","post","type-post","status-publish","format-standard","has-post-thumbnail","hentry","category-noticias"],"_links":{"self":[{"href":"https:\/\/mifavorita.com.pa\/2017\/wp-json\/wp\/v2\/posts\/4761","targetHints":{"allow":["GET"]}}],"collection":[{"href":"https:\/\/mifavorita.com.pa\/2017\/wp-json\/wp\/v2\/posts"}],"about":[{"href":"https:\/\/mifavorita.com.pa\/2017\/wp-json\/wp\/v2\/types\/post"}],"author":[{"embeddable":true,"href":"https:\/\/mifavorita.com.pa\/2017\/wp-json\/wp\/v2\/users\/2"}],"replies":[{"embeddable":true,"href":"https:\/\/mifavorita.com.pa\/2017\/wp-json\/wp\/v2\/comments?post=4761"}],"version-history":[{"count":1,"href":"https:\/\/mifavorita.com.pa\/2017\/wp-json\/wp\/v2\/posts\/4761\/revisions"}],"predecessor-version":[{"id":4762,"href":"https:\/\/mifavorita.com.pa\/2017\/wp-json\/wp\/v2\/posts\/4761\/revisions\/4762"}],"wp:featuredmedia":[{"embeddable":true,"href":"https:\/\/mifavorita.com.pa\/2017\/wp-json\/wp\/v2\/media\/4760"}],"wp:attachment":[{"href":"https:\/\/mifavorita.com.pa\/2017\/wp-json\/wp\/v2\/media?parent=4761"}],"wp:term":[{"taxonomy":"category","embeddable":true,"href":"https:\/\/mifavorita.com.pa\/2017\/wp-json\/wp\/v2\/categories?post=4761"},{"taxonomy":"post_tag","embeddable":true,"href":"https:\/\/mifavorita.com.pa\/2017\/wp-json\/wp\/v2\/tags?post=4761"}],"curies":[{"name":"wp","href":"https:\/\/api.w.org\/{rel}","templated":true}]}}