{"id":4765,"date":"2021-09-09T21:53:43","date_gmt":"2021-09-09T21:53:43","guid":{"rendered":"https:\/\/mifavorita.com.pa\/2017\/?p=4765"},"modified":"2021-09-09T21:59:04","modified_gmt":"2021-09-09T21:59:04","slug":"aprehenden-a-cuatro-delincuentes","status":"publish","type":"post","link":"https:\/\/mifavorita.com.pa\/2017\/aprehenden-a-cuatro-delincuentes\/","title":{"rendered":"Aprehenden a cuatro delincuentes."},"content":{"rendered":"\n<p>EDILSA GONZALEZ ROCA<\/p>\n\n\n\n<p>Tras las rejas quedaron cuatro sujetos que fueron aprehendidos por la Polic\u00eda Nacional durante varios hechos policivos registrados este jueves 9 de septiembre en distintos puntos de la provincia de Cocl\u00e9.<\/p>\n\n\n\n<p>Seg\u00fan detall\u00f3 Liliana L\u00f3pez, jefa de la Zona Policial de Cocl\u00e9, el primero de los casos se dio en el sector de Llano Mar\u00edn en donde un sujeto dedicado al hurto de residencias fue capturado infraganti mientras cargaba con todo tipo de art\u00edculos de una vivienda, en horas de la madrugada cuando los due\u00f1os de la misma dorm\u00edan.<\/p>\n\n\n\n<figure class=\"wp-block-image size-large\"><img fetchpriority=\"high\" decoding=\"async\" width=\"1600\" height=\"901\" src=\"https:\/\/mifavorita.com.pa\/2017\/wp-content\/uploads\/2021\/09\/IMG-20210909-WA0135.jpg\" alt=\"\" class=\"wp-image-4763\" srcset=\"https:\/\/mifavorita.com.pa\/2017\/wp-content\/uploads\/2021\/09\/IMG-20210909-WA0135.jpg 1600w, https:\/\/mifavorita.com.pa\/2017\/wp-content\/uploads\/2021\/09\/IMG-20210909-WA0135-300x169.jpg 300w, https:\/\/mifavorita.com.pa\/2017\/wp-content\/uploads\/2021\/09\/IMG-20210909-WA0135-1024x577.jpg 1024w, https:\/\/mifavorita.com.pa\/2017\/wp-content\/uploads\/2021\/09\/IMG-20210909-WA0135-768x432.jpg 768w, https:\/\/mifavorita.com.pa\/2017\/wp-content\/uploads\/2021\/09\/IMG-20210909-WA0135-1536x865.jpg 1536w, https:\/\/mifavorita.com.pa\/2017\/wp-content\/uploads\/2021\/09\/IMG-20210909-WA0135-1200x676.jpg 1200w\" sizes=\"(max-width: 1600px) 100vw, 1600px\" \/><\/figure>\n\n\n\n<p>A horas del mediod\u00eda se dio otro hecho esta vez en la Barriada El Roc\u00edo cuando un sujeto se meti\u00f3 a una residencia a hurtar art\u00edculos y en su huida es detectado por residentes que forman parte del Pograma Vecinos Vigilantes que impiden que escape y dan aviso a la Polic\u00eda.<\/p>\n\n\n\n<p>Otro sujeto que esperaba al primer capturado, se dio a la fuga en un veh\u00edculo rojo vino por lo que inmediato se mont\u00f3 el operativo de b\u00fasqueda y minutos despu\u00e9s el sujeto abandon\u00f3 el auto en el centro Materno Infantil de Ant\u00f3n, pero fue visto por otro ciudadano que tambi\u00e9n dio aviso a las autoridades, logrando capturar al mismo en un local comercial.<\/p>\n\n\n\n<p>El tercero de los casos se registr\u00f3 en La Pintada, en donde tras un allanamiento se logr\u00f3 la aprehensi\u00f3n de un sujeto que manten\u00eda en sus poder un rifle y una escopeta, mismas que le fueron decomisadas y por lo que fue puesto a \u00f3rdenes de las autoridades.<\/p>\n","protected":false},"excerpt":{"rendered":"<p>EDILSA GONZALEZ ROCA Tras las rejas quedaron cuatro sujetos que fueron aprehendidos por la Polic\u00eda Nacional durante varios hechos policivos registrados este jueves 9 de septiembre en distintos puntos de la provincia de Cocl\u00e9. Seg\u00fan detall\u00f3 Liliana L\u00f3pez, jefa de la Zona Policial de Cocl\u00e9, el primero de los casos se dio en el sector [&hellip;]<\/p>\n","protected":false},"author":2,"featured_media":4764,"comment_status":"open","ping_status":"open","sticky":false,"template":"","format":"standard","meta":{"footnotes":""},"categories":[1],"tags":[],"class_list":["post-4765","post","type-post","status-publish","format-standard","has-post-thumbnail","hentry","category-noticias"],"_links":{"self":[{"href":"https:\/\/mifavorita.com.pa\/2017\/wp-json\/wp\/v2\/posts\/4765","targetHints":{"allow":["GET"]}}],"collection":[{"href":"https:\/\/mifavorita.com.pa\/2017\/wp-json\/wp\/v2\/posts"}],"about":[{"href":"https:\/\/mifavorita.com.pa\/2017\/wp-json\/wp\/v2\/types\/post"}],"author":[{"embeddable":true,"href":"https:\/\/mifavorita.com.pa\/2017\/wp-json\/wp\/v2\/users\/2"}],"replies":[{"embeddable":true,"href":"https:\/\/mifavorita.com.pa\/2017\/wp-json\/wp\/v2\/comments?post=4765"}],"version-history":[{"count":1,"href":"https:\/\/mifavorita.com.pa\/2017\/wp-json\/wp\/v2\/posts\/4765\/revisions"}],"predecessor-version":[{"id":4766,"href":"https:\/\/mifavorita.com.pa\/2017\/wp-json\/wp\/v2\/posts\/4765\/revisions\/4766"}],"wp:featuredmedia":[{"embeddable":true,"href":"https:\/\/mifavorita.com.pa\/2017\/wp-json\/wp\/v2\/media\/4764"}],"wp:attachment":[{"href":"https:\/\/mifavorita.com.pa\/2017\/wp-json\/wp\/v2\/media?parent=4765"}],"wp:term":[{"taxonomy":"category","embeddable":true,"href":"https:\/\/mifavorita.com.pa\/2017\/wp-json\/wp\/v2\/categories?post=4765"},{"taxonomy":"post_tag","embeddable":true,"href":"https:\/\/mifavorita.com.pa\/2017\/wp-json\/wp\/v2\/tags?post=4765"}],"curies":[{"name":"wp","href":"https:\/\/api.w.org\/{rel}","templated":true}]}}