{"id":4767,"date":"2021-09-15T20:34:17","date_gmt":"2021-09-15T20:34:17","guid":{"rendered":"https:\/\/mifavorita.com.pa\/2017\/?p=4767"},"modified":"2021-09-15T20:34:40","modified_gmt":"2021-09-15T20:34:40","slug":"minsa-desaloja-y-cierra-local-por-incumplimiento-de-medidas-sanitarias","status":"publish","type":"post","link":"https:\/\/mifavorita.com.pa\/2017\/minsa-desaloja-y-cierra-local-por-incumplimiento-de-medidas-sanitarias\/","title":{"rendered":"Minsa desaloja y cierra local por incumplimiento de medidas sanitarias"},"content":{"rendered":"\n<p>EDILSA GONZALEZ ROCA<\/p>\n\n\n\n<p>COCL\u00c9.<\/p>\n\n\n\n<p>El desalojo y cierre de un local destinado a la pr\u00e1ctica de esoterismo orden\u00f3 el Ministerio de Salud en la provincia de Cocl\u00e9 tras detectar que en el mismo no se cumpl\u00edan con normas sanitarias y de bioseguridad.<\/p>\n\n\n\n<p>Seg\u00fan detall\u00f3 la doctora Obdulia de Montilla, jefa de Salud P\u00fablica de la regional del Minsa en Cocl\u00e9 recibieron informaci\u00f3n de que en este lugar hab\u00eda aglomeraci\u00f3n de personas y al llegar al sitio se pudo confirmar la presencia de gran cantidad de personas incumpliendo las normas.<\/p>\n\n\n\n<p>Indic\u00f3 que en el lugar en donde el m\u00e1ximo de personas permitidas es de seis hab\u00edan m\u00e1s de 50 sin m\u00e1s medida de bioseguridad que las mascarillas, otras cien esperaban afuera sin guardar distanciamiento por lo que se orden\u00f3 el desalojo y cierre del lugar.<\/p>\n\n\n\n<figure class=\"wp-block-gallery columns-1 is-cropped wp-block-gallery-1 is-layout-flex wp-block-gallery-is-layout-flex\"><ul class=\"blocks-gallery-grid\"><li class=\"blocks-gallery-item\"><figure><img fetchpriority=\"high\" decoding=\"async\" width=\"1032\" height=\"581\" src=\"https:\/\/mifavorita.com.pa\/2017\/wp-content\/uploads\/2021\/09\/IMG-20210915-WA0113.jpg\" data-id=\"4771\" class=\"wp-image-4771\" srcset=\"https:\/\/mifavorita.com.pa\/2017\/wp-content\/uploads\/2021\/09\/IMG-20210915-WA0113.jpg 1032w, https:\/\/mifavorita.com.pa\/2017\/wp-content\/uploads\/2021\/09\/IMG-20210915-WA0113-300x169.jpg 300w, https:\/\/mifavorita.com.pa\/2017\/wp-content\/uploads\/2021\/09\/IMG-20210915-WA0113-1024x576.jpg 1024w, https:\/\/mifavorita.com.pa\/2017\/wp-content\/uploads\/2021\/09\/IMG-20210915-WA0113-768x432.jpg 768w\" sizes=\"(max-width: 1032px) 100vw, 1032px\" \/><\/figure><\/li><\/ul><\/figure>\n\n\n\n<p>Aclar\u00f3 que si bien es cierto este tipo de actividades son permitidas previo cumplimiento de los tr\u00e1mites correspondientes en el Ministerio de Salud, en este caso inicialmente no mostraron ning\u00fan documento que los avalara, solo un Aviso de Operaci\u00f3n.<\/p>\n\n\n\n<p>En el local ubicado en la Avenida Dami\u00e1n Carles de Penonom\u00e9, hab\u00eda en su mayor\u00eda campesinos de comunidades apartadas del distrito de Penonom\u00e9 que seg\u00fan dijeron iban en busca de remedios para su salud y que para ser atendidos deb\u00edan pagar una consulta de 35 d\u00f3lares por persona.<\/p>\n\n\n\n<figure class=\"wp-block-gallery columns-1 is-cropped wp-block-gallery-2 is-layout-flex wp-block-gallery-is-layout-flex\"><ul class=\"blocks-gallery-grid\"><li class=\"blocks-gallery-item\"><figure><img decoding=\"async\" width=\"1600\" height=\"1200\" src=\"https:\/\/mifavorita.com.pa\/2017\/wp-content\/uploads\/2021\/09\/IMG-20210915-WA0059.jpg\" data-id=\"4772\" class=\"wp-image-4772\" srcset=\"https:\/\/mifavorita.com.pa\/2017\/wp-content\/uploads\/2021\/09\/IMG-20210915-WA0059.jpg 1600w, https:\/\/mifavorita.com.pa\/2017\/wp-content\/uploads\/2021\/09\/IMG-20210915-WA0059-300x225.jpg 300w, https:\/\/mifavorita.com.pa\/2017\/wp-content\/uploads\/2021\/09\/IMG-20210915-WA0059-1024x768.jpg 1024w, https:\/\/mifavorita.com.pa\/2017\/wp-content\/uploads\/2021\/09\/IMG-20210915-WA0059-768x576.jpg 768w, https:\/\/mifavorita.com.pa\/2017\/wp-content\/uploads\/2021\/09\/IMG-20210915-WA0059-1536x1152.jpg 1536w, https:\/\/mifavorita.com.pa\/2017\/wp-content\/uploads\/2021\/09\/IMG-20210915-WA0059-1200x900.jpg 1200w\" sizes=\"(max-width: 1600px) 100vw, 1600px\" \/><\/figure><\/li><\/ul><\/figure>\n\n\n\n<p>Las personas dedicadas a estas pr\u00e1cticas son extranjeros y ahora tendr\u00e1n que presentarse ante el departamento de Salud P\u00fablica y Asesor\u00eda Legal del Minsa Cocl\u00e9 para determinar su situaci\u00f3n, las multas por incumplimientos de este tipo podr\u00e1n llegar hasta los cinco mil d\u00f3lares seg\u00fan dijo la doctora.<\/p>\n","protected":false},"excerpt":{"rendered":"<p>EDILSA GONZALEZ ROCA COCL\u00c9. El desalojo y cierre de un local destinado a la pr\u00e1ctica de esoterismo orden\u00f3 el Ministerio de Salud en la provincia de Cocl\u00e9 tras detectar que en el mismo no se cumpl\u00edan con normas sanitarias y de bioseguridad. Seg\u00fan detall\u00f3 la doctora Obdulia de Montilla, jefa de Salud P\u00fablica de la [&hellip;]<\/p>\n","protected":false},"author":2,"featured_media":4770,"comment_status":"open","ping_status":"open","sticky":false,"template":"","format":"standard","meta":{"footnotes":""},"categories":[1],"tags":[],"class_list":["post-4767","post","type-post","status-publish","format-standard","has-post-thumbnail","hentry","category-noticias"],"_links":{"self":[{"href":"https:\/\/mifavorita.com.pa\/2017\/wp-json\/wp\/v2\/posts\/4767","targetHints":{"allow":["GET"]}}],"collection":[{"href":"https:\/\/mifavorita.com.pa\/2017\/wp-json\/wp\/v2\/posts"}],"about":[{"href":"https:\/\/mifavorita.com.pa\/2017\/wp-json\/wp\/v2\/types\/post"}],"author":[{"embeddable":true,"href":"https:\/\/mifavorita.com.pa\/2017\/wp-json\/wp\/v2\/users\/2"}],"replies":[{"embeddable":true,"href":"https:\/\/mifavorita.com.pa\/2017\/wp-json\/wp\/v2\/comments?post=4767"}],"version-history":[{"count":2,"href":"https:\/\/mifavorita.com.pa\/2017\/wp-json\/wp\/v2\/posts\/4767\/revisions"}],"predecessor-version":[{"id":4773,"href":"https:\/\/mifavorita.com.pa\/2017\/wp-json\/wp\/v2\/posts\/4767\/revisions\/4773"}],"wp:featuredmedia":[{"embeddable":true,"href":"https:\/\/mifavorita.com.pa\/2017\/wp-json\/wp\/v2\/media\/4770"}],"wp:attachment":[{"href":"https:\/\/mifavorita.com.pa\/2017\/wp-json\/wp\/v2\/media?parent=4767"}],"wp:term":[{"taxonomy":"category","embeddable":true,"href":"https:\/\/mifavorita.com.pa\/2017\/wp-json\/wp\/v2\/categories?post=4767"},{"taxonomy":"post_tag","embeddable":true,"href":"https:\/\/mifavorita.com.pa\/2017\/wp-json\/wp\/v2\/tags?post=4767"}],"curies":[{"name":"wp","href":"https:\/\/api.w.org\/{rel}","templated":true}]}}