{"id":4776,"date":"2021-09-23T21:17:33","date_gmt":"2021-09-23T21:17:33","guid":{"rendered":"https:\/\/mifavorita.com.pa\/2017\/?p=4776"},"modified":"2021-09-23T21:17:36","modified_gmt":"2021-09-23T21:17:36","slug":"aprehenden-a-dos-sujetos-en-vehiculos-con-doble-fondo","status":"publish","type":"post","link":"https:\/\/mifavorita.com.pa\/2017\/aprehenden-a-dos-sujetos-en-vehiculos-con-doble-fondo\/","title":{"rendered":"Aprehenden a dos sujetos en veh\u00edculos con doble fondo"},"content":{"rendered":"\n<p><\/p>\n\n\n\n<p>EDILSA GONZALEZ ROCA<\/p>\n\n\n\n<p>COCL\u00c9.<\/p>\n\n\n\n<p>Dos sujetos de 44 y 48 a\u00f1os respectivamente fueron aprehendidos durante un operativo ejecutado por la Polic\u00eda Nacional y el Ministerio P\u00fablico en el sector de R\u00edo Hato en Ant\u00f3n por donde se desplazaban al momento de su aprehensi\u00f3n.<\/p>\n\n\n\n<p>Seg\u00fan detall\u00f3 el Subcomisionado Marco Roger, ejecutivo de la Zona Policial de Cocl\u00e9, a trav\u00e9s de acciones de inteligencia de la secci\u00f3n antinarc\u00f3ticos de Cocl\u00e9, se ten\u00eda informaci\u00f3n de un veh\u00edculo que transitaba en la zona procedente de Chiriqu\u00ed en situaci\u00f3n sospechosa, por lo que se procedi\u00f3 a su verificaci\u00f3n.<\/p>\n\n\n\n<p>Indic\u00f3 que efectivamente tras el allanamiento de rigor autorizado por un juez de garant\u00edas en el auto se encontr\u00f3 un doble fondo en el que se escond\u00edan mil 116 d\u00f3lares con 21 centavos, por lo que se procedi\u00f3 con la aprehensi\u00f3n de los dos ciudadanos que se manten\u00edan en el veh\u00edculo por el doble fondo.<\/p>\n\n\n\n<p>Los dos aprehendidos son paname\u00f1os y se encuentran a \u00f3rdenes del Ministerio P\u00fablico.<\/p>\n","protected":false},"excerpt":{"rendered":"<p>EDILSA GONZALEZ ROCA COCL\u00c9. Dos sujetos de 44 y 48 a\u00f1os respectivamente fueron aprehendidos durante un operativo ejecutado por la Polic\u00eda Nacional y el Ministerio P\u00fablico en el sector de R\u00edo Hato en Ant\u00f3n por donde se desplazaban al momento de su aprehensi\u00f3n. Seg\u00fan detall\u00f3 el Subcomisionado Marco Roger, ejecutivo de la Zona Policial de [&hellip;]<\/p>\n","protected":false},"author":2,"featured_media":4775,"comment_status":"closed","ping_status":"open","sticky":false,"template":"","format":"standard","meta":{"footnotes":""},"categories":[1],"tags":[],"class_list":["post-4776","post","type-post","status-publish","format-standard","has-post-thumbnail","hentry","category-noticias"],"_links":{"self":[{"href":"https:\/\/mifavorita.com.pa\/2017\/wp-json\/wp\/v2\/posts\/4776","targetHints":{"allow":["GET"]}}],"collection":[{"href":"https:\/\/mifavorita.com.pa\/2017\/wp-json\/wp\/v2\/posts"}],"about":[{"href":"https:\/\/mifavorita.com.pa\/2017\/wp-json\/wp\/v2\/types\/post"}],"author":[{"embeddable":true,"href":"https:\/\/mifavorita.com.pa\/2017\/wp-json\/wp\/v2\/users\/2"}],"replies":[{"embeddable":true,"href":"https:\/\/mifavorita.com.pa\/2017\/wp-json\/wp\/v2\/comments?post=4776"}],"version-history":[{"count":1,"href":"https:\/\/mifavorita.com.pa\/2017\/wp-json\/wp\/v2\/posts\/4776\/revisions"}],"predecessor-version":[{"id":4777,"href":"https:\/\/mifavorita.com.pa\/2017\/wp-json\/wp\/v2\/posts\/4776\/revisions\/4777"}],"wp:featuredmedia":[{"embeddable":true,"href":"https:\/\/mifavorita.com.pa\/2017\/wp-json\/wp\/v2\/media\/4775"}],"wp:attachment":[{"href":"https:\/\/mifavorita.com.pa\/2017\/wp-json\/wp\/v2\/media?parent=4776"}],"wp:term":[{"taxonomy":"category","embeddable":true,"href":"https:\/\/mifavorita.com.pa\/2017\/wp-json\/wp\/v2\/categories?post=4776"},{"taxonomy":"post_tag","embeddable":true,"href":"https:\/\/mifavorita.com.pa\/2017\/wp-json\/wp\/v2\/tags?post=4776"}],"curies":[{"name":"wp","href":"https:\/\/api.w.org\/{rel}","templated":true}]}}