{"id":4781,"date":"2021-09-24T19:36:48","date_gmt":"2021-09-24T19:36:48","guid":{"rendered":"https:\/\/mifavorita.com.pa\/2017\/?p=4781"},"modified":"2021-09-24T19:43:40","modified_gmt":"2021-09-24T19:43:40","slug":"buscan-mejorar-produccion-de-pixbae","status":"publish","type":"post","link":"https:\/\/mifavorita.com.pa\/2017\/buscan-mejorar-produccion-de-pixbae\/","title":{"rendered":"Buscan mejorar producci\u00f3n de pixbae"},"content":{"rendered":"\n<p><\/p>\n\n\n\n<p>EDILSA GONZ\u00c1LEZ ROCA<\/p>\n\n\n\n<p>COCL\u00c9.<\/p>\n\n\n\n<p>Con el objetivo de mejorar la producci\u00f3n de pixbae (pif\u00e1) que ha mermado durante los \u00faltimos cinco a a\u00f1os a causa de la proliferaci\u00f3n de un insecto que da\u00f1a el producto desde el momento de su floraci\u00f3n, el Ministerio de Desarrollo Agropecuario llevada adelante varias jornadas de capacitaci\u00f3n a los productores de Cocl\u00e9.<\/p>\n\n\n\n<p>Seg\u00fan dio a conocer  Juan de Dios Dom\u00ednguez, director regional de la entidad, se descubri\u00f3 que un insecto conocido como el picudo, es el causante de la merma en la producci\u00f3n de los pixbae en las zonas donde se cultiva este rubro muy gustado y aprovechado por su alto valor nutritivo. <\/p>\n\n\n\n<p>Indic\u00f3 que junto el Instituto de Innovaci\u00f3n Agropecuario se hicieron los estudios y se determin\u00f3 las afectaciones que el insecto causa al momento de la floraci\u00f3n de la palma por lo que se buscaron alternativas para evitar mayores afectaciones, verificando que a trav\u00e9s del embolsado de los racimos se evitan que el  insecto da\u00f1e la fruta.<\/p>\n\n\n\n<figure class=\"wp-block-gallery columns-1 is-cropped wp-block-gallery-1 is-layout-flex wp-block-gallery-is-layout-flex\"><ul class=\"blocks-gallery-grid\"><li class=\"blocks-gallery-item\"><figure><img fetchpriority=\"high\" decoding=\"async\" width=\"1280\" height=\"960\" src=\"https:\/\/mifavorita.com.pa\/2017\/wp-content\/uploads\/2021\/09\/cb4ec27b-f042-4373-b253-a59d96d526d9-1.jpg\" data-id=\"4789\" class=\"wp-image-4789\" srcset=\"https:\/\/mifavorita.com.pa\/2017\/wp-content\/uploads\/2021\/09\/cb4ec27b-f042-4373-b253-a59d96d526d9-1.jpg 1280w, https:\/\/mifavorita.com.pa\/2017\/wp-content\/uploads\/2021\/09\/cb4ec27b-f042-4373-b253-a59d96d526d9-1-300x225.jpg 300w, https:\/\/mifavorita.com.pa\/2017\/wp-content\/uploads\/2021\/09\/cb4ec27b-f042-4373-b253-a59d96d526d9-1-1024x768.jpg 1024w, https:\/\/mifavorita.com.pa\/2017\/wp-content\/uploads\/2021\/09\/cb4ec27b-f042-4373-b253-a59d96d526d9-1-768x576.jpg 768w, https:\/\/mifavorita.com.pa\/2017\/wp-content\/uploads\/2021\/09\/cb4ec27b-f042-4373-b253-a59d96d526d9-1-1200x900.jpg 1200w\" sizes=\"(max-width: 1280px) 100vw, 1280px\" \/><\/figure><\/li><\/ul><\/figure>\n\n\n\n<p>Hasta el momento se han llevado capacitaciones al \u00e1rea de Llano Grande de La Pintada y San Miguel Centro en Penonom\u00e9, en donde con el apoyo de t\u00e9cnicos de la Comarca Ng\u00e4be, productores y expertos escaladores de palmas se ha capacitado a los productores del \u00e1rea de la t\u00e9cnicas de embolsado.<\/p>\n\n\n\n<p>Dom\u00ednguez, manifest\u00f3 que cuentan con el apoyo del Oirsa que les ha financiado unas cinco mil bolsas para el proceso de embolsado de los racimos de palmas al momento de sus floraci\u00f3n que se da en los meses de abril y mayo y ya se ha coordinado para que el pr\u00f3ximo a\u00f1o haya personal de apoyo para ayudar con el proceso a los productores que se inscriban y participen de las capacitaciones.<\/p>\n\n\n\n<p>El Pixbae es un cultivo de \u00e1reas monta\u00f1osas que en el caso de la provincia de Cocl\u00e9 ha visto mermada sus producci\u00f3n en los \u00faltimos a\u00f1os y por consiguiente se ha elevado su precio.<\/p>\n\n\n\n<p> <\/p>\n","protected":false},"excerpt":{"rendered":"<p>EDILSA GONZ\u00c1LEZ ROCA COCL\u00c9. Con el objetivo de mejorar la producci\u00f3n de pixbae (pif\u00e1) que ha mermado durante los \u00faltimos cinco a a\u00f1os a causa de la proliferaci\u00f3n de un insecto que da\u00f1a el producto desde el momento de su floraci\u00f3n, el Ministerio de Desarrollo Agropecuario llevada adelante varias jornadas de capacitaci\u00f3n a los productores [&hellip;]<\/p>\n","protected":false},"author":2,"featured_media":4780,"comment_status":"closed","ping_status":"open","sticky":false,"template":"","format":"standard","meta":{"footnotes":""},"categories":[1],"tags":[],"class_list":["post-4781","post","type-post","status-publish","format-standard","has-post-thumbnail","hentry","category-noticias"],"_links":{"self":[{"href":"https:\/\/mifavorita.com.pa\/2017\/wp-json\/wp\/v2\/posts\/4781","targetHints":{"allow":["GET"]}}],"collection":[{"href":"https:\/\/mifavorita.com.pa\/2017\/wp-json\/wp\/v2\/posts"}],"about":[{"href":"https:\/\/mifavorita.com.pa\/2017\/wp-json\/wp\/v2\/types\/post"}],"author":[{"embeddable":true,"href":"https:\/\/mifavorita.com.pa\/2017\/wp-json\/wp\/v2\/users\/2"}],"replies":[{"embeddable":true,"href":"https:\/\/mifavorita.com.pa\/2017\/wp-json\/wp\/v2\/comments?post=4781"}],"version-history":[{"count":2,"href":"https:\/\/mifavorita.com.pa\/2017\/wp-json\/wp\/v2\/posts\/4781\/revisions"}],"predecessor-version":[{"id":4790,"href":"https:\/\/mifavorita.com.pa\/2017\/wp-json\/wp\/v2\/posts\/4781\/revisions\/4790"}],"wp:featuredmedia":[{"embeddable":true,"href":"https:\/\/mifavorita.com.pa\/2017\/wp-json\/wp\/v2\/media\/4780"}],"wp:attachment":[{"href":"https:\/\/mifavorita.com.pa\/2017\/wp-json\/wp\/v2\/media?parent=4781"}],"wp:term":[{"taxonomy":"category","embeddable":true,"href":"https:\/\/mifavorita.com.pa\/2017\/wp-json\/wp\/v2\/categories?post=4781"},{"taxonomy":"post_tag","embeddable":true,"href":"https:\/\/mifavorita.com.pa\/2017\/wp-json\/wp\/v2\/tags?post=4781"}],"curies":[{"name":"wp","href":"https:\/\/api.w.org\/{rel}","templated":true}]}}