{"id":4786,"date":"2021-09-24T19:42:23","date_gmt":"2021-09-24T19:42:23","guid":{"rendered":"https:\/\/mifavorita.com.pa\/2017\/?p=4786"},"modified":"2021-09-24T19:42:25","modified_gmt":"2021-09-24T19:42:25","slug":"ubicaran-centro-de-atencion-a-la-primera-infancia-en-juan-diaz","status":"publish","type":"post","link":"https:\/\/mifavorita.com.pa\/2017\/ubicaran-centro-de-atencion-a-la-primera-infancia-en-juan-diaz\/","title":{"rendered":"Ubicar\u00e1n centro de atenci\u00f3n a la primera infancia en Juan D\u00edaz"},"content":{"rendered":"\n<p><\/p>\n\n\n\n<p>EDILSA GONZ\u00c1LEZ ROCA<\/p>\n\n\n\n<p>COCL\u00c9.<\/p>\n\n\n\n<p>Estimular de forma temprana a los ni\u00f1os entre los cero y seis a\u00f1os de edad para que desarrollen sus capacidades cognitivas y socio-afectivas adem\u00e1s de valores que perduren toda la vida es el objetivo de la instalaci\u00f3n de Centro de Atenci\u00f3n a la Primera Infancia que se ubicar\u00e1 en el corregimiento de Juan D\u00edaz de Ant\u00f3n.<\/p>\n\n\n\n<p>Se trata de un proyecto que llevar\u00e1 a cabo la Universidad de las Am\u00e9ricas con el apoyo de la Junta Comunal de Juan D\u00edaz y que fue presentado a la comunidad a trav\u00e9s de los presidentes de las Juntas de Desarrollo Local de cada comunidad y cuyo convenio se firmar\u00e1 el pr\u00f3ximo mes de octubre.<\/p>\n\n\n\n<figure class=\"wp-block-image size-large\"><img fetchpriority=\"high\" decoding=\"async\" width=\"1600\" height=\"901\" src=\"https:\/\/mifavorita.com.pa\/2017\/wp-content\/uploads\/2021\/09\/2a5082b8-d68f-4336-b605-c504a76192e5.jpg\" alt=\"\" class=\"wp-image-4784\" srcset=\"https:\/\/mifavorita.com.pa\/2017\/wp-content\/uploads\/2021\/09\/2a5082b8-d68f-4336-b605-c504a76192e5.jpg 1600w, https:\/\/mifavorita.com.pa\/2017\/wp-content\/uploads\/2021\/09\/2a5082b8-d68f-4336-b605-c504a76192e5-300x169.jpg 300w, https:\/\/mifavorita.com.pa\/2017\/wp-content\/uploads\/2021\/09\/2a5082b8-d68f-4336-b605-c504a76192e5-1024x577.jpg 1024w, https:\/\/mifavorita.com.pa\/2017\/wp-content\/uploads\/2021\/09\/2a5082b8-d68f-4336-b605-c504a76192e5-768x432.jpg 768w, https:\/\/mifavorita.com.pa\/2017\/wp-content\/uploads\/2021\/09\/2a5082b8-d68f-4336-b605-c504a76192e5-1536x865.jpg 1536w, https:\/\/mifavorita.com.pa\/2017\/wp-content\/uploads\/2021\/09\/2a5082b8-d68f-4336-b605-c504a76192e5-1200x676.jpg 1200w\" sizes=\"(max-width: 1600px) 100vw, 1600px\" \/><\/figure>\n\n\n\n<p>Juan Bosco Bernal, Rector de la Udelas, destac\u00f3 que se trata de un proyecto que lleva desarroll\u00e1ndose desde hace tiempo por el equipo de la universidad en Cocl\u00e9 y que trasciende la educaci\u00f3n de los ni\u00f1os y j\u00f3venes del corregimiento de Juan D\u00edaz, a trav\u00e9s de la estimulaci\u00f3n y atenci\u00f3n especializada de sus profesionales.<\/p>\n\n\n\n<p>El proyecto contempla la instalaci\u00f3n del Centro de Atenci\u00f3n a la primera infancia en donde a trav\u00e9s de citas inicialmente se dar\u00e1 atenci\u00f3n a todos los ni\u00f1os en el rango de edad entre los 0 a 6 a\u00f1os, ser\u00e1n tres aulas dise\u00f1adas para que de acuerdo a la edad los ni\u00f1os cuenten con todos est\u00edmulos visuales, cognitivos y afectivos necesarios para desarrollar sus capacidades.<\/p>\n\n\n\n<figure class=\"wp-block-gallery columns-1 is-cropped wp-block-gallery-1 is-layout-flex wp-block-gallery-is-layout-flex\"><ul class=\"blocks-gallery-grid\"><li class=\"blocks-gallery-item\"><figure><img decoding=\"async\" width=\"1000\" height=\"397\" src=\"https:\/\/mifavorita.com.pa\/2017\/wp-content\/uploads\/2021\/09\/b0f676c8-3341-4a71-8d43-191e774f35e8.jpg\" data-id=\"4785\" class=\"wp-image-4785\" srcset=\"https:\/\/mifavorita.com.pa\/2017\/wp-content\/uploads\/2021\/09\/b0f676c8-3341-4a71-8d43-191e774f35e8.jpg 1000w, https:\/\/mifavorita.com.pa\/2017\/wp-content\/uploads\/2021\/09\/b0f676c8-3341-4a71-8d43-191e774f35e8-300x119.jpg 300w, https:\/\/mifavorita.com.pa\/2017\/wp-content\/uploads\/2021\/09\/b0f676c8-3341-4a71-8d43-191e774f35e8-768x305.jpg 768w\" sizes=\"(max-width: 1000px) 100vw, 1000px\" \/><\/figure><\/li><\/ul><\/figure>\n\n\n\n<p>Carlos Fern\u00e1ndez, representante del corregimiento de Juna D\u00edaz, inform\u00f3 que la Junta Comunal colaborar\u00e1 en ofrecer las instalaciones necesarias para el proyecto, las mismas ya existen solo requieren de algunas mejoras, adem\u00e1s apoyar\u00e1n con log\u00edstica como alimentaci\u00f3n y con el apoyo del diputado Melchor Herrera se prev\u00e9 incluso traer un pediatra peri\u00f3dicamente.<\/p>\n","protected":false},"excerpt":{"rendered":"<p>EDILSA GONZ\u00c1LEZ ROCA COCL\u00c9. Estimular de forma temprana a los ni\u00f1os entre los cero y seis a\u00f1os de edad para que desarrollen sus capacidades cognitivas y socio-afectivas adem\u00e1s de valores que perduren toda la vida es el objetivo de la instalaci\u00f3n de Centro de Atenci\u00f3n a la Primera Infancia que se ubicar\u00e1 en el corregimiento [&hellip;]<\/p>\n","protected":false},"author":2,"featured_media":4783,"comment_status":"closed","ping_status":"open","sticky":false,"template":"","format":"standard","meta":{"footnotes":""},"categories":[1],"tags":[],"class_list":["post-4786","post","type-post","status-publish","format-standard","has-post-thumbnail","hentry","category-noticias"],"_links":{"self":[{"href":"https:\/\/mifavorita.com.pa\/2017\/wp-json\/wp\/v2\/posts\/4786","targetHints":{"allow":["GET"]}}],"collection":[{"href":"https:\/\/mifavorita.com.pa\/2017\/wp-json\/wp\/v2\/posts"}],"about":[{"href":"https:\/\/mifavorita.com.pa\/2017\/wp-json\/wp\/v2\/types\/post"}],"author":[{"embeddable":true,"href":"https:\/\/mifavorita.com.pa\/2017\/wp-json\/wp\/v2\/users\/2"}],"replies":[{"embeddable":true,"href":"https:\/\/mifavorita.com.pa\/2017\/wp-json\/wp\/v2\/comments?post=4786"}],"version-history":[{"count":1,"href":"https:\/\/mifavorita.com.pa\/2017\/wp-json\/wp\/v2\/posts\/4786\/revisions"}],"predecessor-version":[{"id":4787,"href":"https:\/\/mifavorita.com.pa\/2017\/wp-json\/wp\/v2\/posts\/4786\/revisions\/4787"}],"wp:featuredmedia":[{"embeddable":true,"href":"https:\/\/mifavorita.com.pa\/2017\/wp-json\/wp\/v2\/media\/4783"}],"wp:attachment":[{"href":"https:\/\/mifavorita.com.pa\/2017\/wp-json\/wp\/v2\/media?parent=4786"}],"wp:term":[{"taxonomy":"category","embeddable":true,"href":"https:\/\/mifavorita.com.pa\/2017\/wp-json\/wp\/v2\/categories?post=4786"},{"taxonomy":"post_tag","embeddable":true,"href":"https:\/\/mifavorita.com.pa\/2017\/wp-json\/wp\/v2\/tags?post=4786"}],"curies":[{"name":"wp","href":"https:\/\/api.w.org\/{rel}","templated":true}]}}