{"id":4792,"date":"2021-09-24T20:36:02","date_gmt":"2021-09-24T20:36:02","guid":{"rendered":"https:\/\/mifavorita.com.pa\/2017\/?p=4792"},"modified":"2021-09-24T20:36:03","modified_gmt":"2021-09-24T20:36:03","slug":"implementan-hisopado-express-durante-fines-de-semana-en-centro-de-salud-de-penonome","status":"publish","type":"post","link":"https:\/\/mifavorita.com.pa\/2017\/implementan-hisopado-express-durante-fines-de-semana-en-centro-de-salud-de-penonome\/","title":{"rendered":"Implementan hisopado express durante fines de semana en centro de salud de Penonom\u00e9"},"content":{"rendered":"\n<p><\/p>\n\n\n\n<p>Un equipo de respuesta r\u00e1pida estar\u00e1 realizando pruebas para la detecci\u00f3n de la covid-19 en el Centro de Salud de Penonom\u00e9 durante los fines de semana a partir de este s\u00e1bado 25 de septiembre, la medida, que busca la detecci\u00f3n de nuevos casos de la enfermedad, se da en momentos en los que los contagios siguen marcando una tendencia a la baja en el pa\u00eds.<\/p>\n\n\n\n<p>As\u00ed lo confirm\u00f3 la doctora Sugey Sandoval, jefa de la regi\u00f3n distrital de salud en Penonom\u00e9, dando a conocer que en el hisopado expr\u00e9s se realizar\u00e1n pruebas r\u00e1pidas as\u00ed como tambi\u00e9n PCR, en donde a las personas que salgan positivas, se les entregar\u00e1 bolsas de comida y tambi\u00e9n kit de medicamento.<\/p>\n\n\n\n<p>El horario de atenci\u00f3n ser\u00e1 de 8 de la ma\u00f1ana a 2 de la tarde los d\u00edas s\u00e1bados y domingo solamente y la medida a pesar que no es indefinida, funcionar\u00e1 hasta que haya alg\u00fan s\u00edntoma de subida en los niveles de los casos del nuevo coronavirus en este distrito explic\u00f3 la funcionaria.<\/p>\n","protected":false},"excerpt":{"rendered":"<p>Un equipo de respuesta r\u00e1pida estar\u00e1 realizando pruebas para la detecci\u00f3n de la covid-19 en el Centro de Salud de Penonom\u00e9 durante los fines de semana a partir de este s\u00e1bado 25 de septiembre, la medida, que busca la detecci\u00f3n de nuevos casos de la enfermedad, se da en momentos en los que los contagios [&hellip;]<\/p>\n","protected":false},"author":2,"featured_media":4791,"comment_status":"closed","ping_status":"open","sticky":false,"template":"","format":"standard","meta":{"footnotes":""},"categories":[1],"tags":[],"class_list":["post-4792","post","type-post","status-publish","format-standard","has-post-thumbnail","hentry","category-noticias"],"_links":{"self":[{"href":"https:\/\/mifavorita.com.pa\/2017\/wp-json\/wp\/v2\/posts\/4792","targetHints":{"allow":["GET"]}}],"collection":[{"href":"https:\/\/mifavorita.com.pa\/2017\/wp-json\/wp\/v2\/posts"}],"about":[{"href":"https:\/\/mifavorita.com.pa\/2017\/wp-json\/wp\/v2\/types\/post"}],"author":[{"embeddable":true,"href":"https:\/\/mifavorita.com.pa\/2017\/wp-json\/wp\/v2\/users\/2"}],"replies":[{"embeddable":true,"href":"https:\/\/mifavorita.com.pa\/2017\/wp-json\/wp\/v2\/comments?post=4792"}],"version-history":[{"count":1,"href":"https:\/\/mifavorita.com.pa\/2017\/wp-json\/wp\/v2\/posts\/4792\/revisions"}],"predecessor-version":[{"id":4793,"href":"https:\/\/mifavorita.com.pa\/2017\/wp-json\/wp\/v2\/posts\/4792\/revisions\/4793"}],"wp:featuredmedia":[{"embeddable":true,"href":"https:\/\/mifavorita.com.pa\/2017\/wp-json\/wp\/v2\/media\/4791"}],"wp:attachment":[{"href":"https:\/\/mifavorita.com.pa\/2017\/wp-json\/wp\/v2\/media?parent=4792"}],"wp:term":[{"taxonomy":"category","embeddable":true,"href":"https:\/\/mifavorita.com.pa\/2017\/wp-json\/wp\/v2\/categories?post=4792"},{"taxonomy":"post_tag","embeddable":true,"href":"https:\/\/mifavorita.com.pa\/2017\/wp-json\/wp\/v2\/tags?post=4792"}],"curies":[{"name":"wp","href":"https:\/\/api.w.org\/{rel}","templated":true}]}}