{"id":487,"date":"2017-06-08T20:28:37","date_gmt":"2017-06-08T20:28:37","guid":{"rendered":"http:\/\/mifavorita.com.pa\/2017\/?p=487"},"modified":"2017-06-08T20:28:37","modified_gmt":"2017-06-08T20:28:37","slug":"arranca-uno-de-los-primeros-proyectos-de-descentralizacion-en-penonome","status":"publish","type":"post","link":"https:\/\/mifavorita.com.pa\/2017\/arranca-uno-de-los-primeros-proyectos-de-descentralizacion-en-penonome\/","title":{"rendered":"Arranca uno de los primeros proyectos de descentralizaci\u00f3n en Penonom\u00e9"},"content":{"rendered":"<p>EDILSA GONZALEZ ROCA<\/p>\n<p>COCL\u00c9.<\/p>\n<p>&nbsp;<\/p>\n<p>Por un monto de 481 mil 959 d\u00f3lares \u00a0se dio la orden de proceder para el arranque de uno de los primeros proyectos de descentralizaci\u00f3n del Municipio de Penonom\u00e9, el Complejo Deportivo proyecto macro del municipio de Penonom\u00e9, cuya primera piedra fue colocada este jueves.<\/p>\n<p>Los altibajos y la demora que han tenido muchos proyectos del programa de descentralizaci\u00f3n en ejecutarse, ha causado la desconfianza de muchas comunidades sin embrago esta ser\u00eda la segunda orden de proceder de los 17 proyectos que se aprobaron en el\u00a0 2016, las autoridades aseguran que los tr\u00e1mites est\u00e1n progresando y la mayor\u00eda espera orden de proceder.<\/p>\n<p>El Complejo deportivo de Penonom\u00e9 contar\u00e1 con una piscina 15X20, una cancha sint\u00e9tica para fulbito, ba\u00f1os y vestidores, aceras, refresquer\u00eda, juegos infantiles, cerca perimetral y estacionamientos entre otras facilidades, el costo total del proyecto es de 481 mil 959 mil d\u00f3lares.<\/p>\n<p>El alcalde de Penonom\u00e9 Agust\u00edn M\u00e9ndez, detallo que se trata de una obra muy importante y de beneficio para la comunidad penonome\u00f1a que no cuenta actualmente con un sitio de esparcimiento familiar como lo ser\u00e1 este complejo deportivo.<\/p>\n<p>Ana Soto de la Junta de Desarrollo Local de Villa Cumbrera 2, sector donde se ubica el proyecto, dijo que hab\u00eda y a\u00fan existe mucha incredulidad de parte de la comunidad, no obstante tienen la seguridad que cuando este proyecto sea inaugurado la gente comenzar\u00e1 a creer un poco m\u00e1s en la descentralizaci\u00f3n.<\/p>\n<p>Indic\u00f3 que como comunidad se mantendr\u00e1n vigilantes de que el proyecto se concrete con todas sus especificaciones y esperan poder contar con el apoyo permanente de las autoridades y la comunidad una vez el mismo sea culminado, pues un tema que hay que definir ser\u00e1 su mantenimiento.<\/p>\n<p>Por su parte \u00c1lvaro Polo, representante de la empresa Grupo Polo, encargada de este proyecto, dijo que esperan en unos 15 d\u00edas iniciar el movimiento de tierras con la maquinaria, por lo pronto trabajan en la adecuaci\u00f3n de los planos para el inicio, adem\u00e1s esperan poder culminar la obra antes de los 365 d\u00edas que les ha determinado el contrato.<\/p>\n<p><img fetchpriority=\"high\" decoding=\"async\" class=\"size-medium wp-image-488 aligncenter\" src=\"http:\/\/mifavorita.com.pa\/2017\/wp-content\/uploads\/2017\/06\/IMG-20170608-WA0028-300x225.jpg\" alt=\"\" width=\"300\" height=\"225\" srcset=\"https:\/\/mifavorita.com.pa\/2017\/wp-content\/uploads\/2017\/06\/IMG-20170608-WA0028-300x225.jpg 300w, https:\/\/mifavorita.com.pa\/2017\/wp-content\/uploads\/2017\/06\/IMG-20170608-WA0028-768x576.jpg 768w, https:\/\/mifavorita.com.pa\/2017\/wp-content\/uploads\/2017\/06\/IMG-20170608-WA0028-1024x768.jpg 1024w, https:\/\/mifavorita.com.pa\/2017\/wp-content\/uploads\/2017\/06\/IMG-20170608-WA0028-678x509.jpg 678w, https:\/\/mifavorita.com.pa\/2017\/wp-content\/uploads\/2017\/06\/IMG-20170608-WA0028-326x245.jpg 326w, https:\/\/mifavorita.com.pa\/2017\/wp-content\/uploads\/2017\/06\/IMG-20170608-WA0028-80x60.jpg 80w, https:\/\/mifavorita.com.pa\/2017\/wp-content\/uploads\/2017\/06\/IMG-20170608-WA0028.jpg 1032w\" sizes=\"(max-width: 300px) 100vw, 300px\" \/><\/p>\n<p style=\"text-align: center;\"><strong>Foto.<\/strong> <em>Alcalde de Penonom\u00e9 en la Colocaci\u00f3n de la primera piedra.<\/em><\/p>\n<p>&nbsp;<\/p>\n<p><img decoding=\"async\" class=\"wp-image-490 aligncenter\" src=\"http:\/\/mifavorita.com.pa\/2017\/wp-content\/uploads\/2017\/06\/IMG-20170608-WA0027-300x225.jpg\" alt=\"\" width=\"324\" height=\"243\" srcset=\"https:\/\/mifavorita.com.pa\/2017\/wp-content\/uploads\/2017\/06\/IMG-20170608-WA0027-300x225.jpg 300w, https:\/\/mifavorita.com.pa\/2017\/wp-content\/uploads\/2017\/06\/IMG-20170608-WA0027-768x576.jpg 768w, https:\/\/mifavorita.com.pa\/2017\/wp-content\/uploads\/2017\/06\/IMG-20170608-WA0027-1024x768.jpg 1024w, https:\/\/mifavorita.com.pa\/2017\/wp-content\/uploads\/2017\/06\/IMG-20170608-WA0027-678x509.jpg 678w, https:\/\/mifavorita.com.pa\/2017\/wp-content\/uploads\/2017\/06\/IMG-20170608-WA0027-326x245.jpg 326w, https:\/\/mifavorita.com.pa\/2017\/wp-content\/uploads\/2017\/06\/IMG-20170608-WA0027-80x60.jpg 80w, https:\/\/mifavorita.com.pa\/2017\/wp-content\/uploads\/2017\/06\/IMG-20170608-WA0027.jpg 1032w\" sizes=\"(max-width: 324px) 100vw, 324px\" \/><\/p>\n<p style=\"text-align: center;\"><strong>Foto.<\/strong> <em>P\u00fablico presente en el Acto<\/em><\/p>\n","protected":false},"excerpt":{"rendered":"<p>EDILSA GONZALEZ ROCA COCL\u00c9. &nbsp; Por un monto de 481 mil 959 d\u00f3lares \u00a0se dio la orden de proceder para el arranque de uno de los primeros proyectos de descentralizaci\u00f3n del Municipio de Penonom\u00e9, el Complejo Deportivo proyecto macro del municipio de Penonom\u00e9, cuya primera piedra fue colocada este jueves. Los altibajos y la demora [&hellip;]<\/p>\n","protected":false},"author":3,"featured_media":489,"comment_status":"closed","ping_status":"open","sticky":false,"template":"","format":"standard","meta":{"footnotes":""},"categories":[1],"tags":[],"class_list":["post-487","post","type-post","status-publish","format-standard","has-post-thumbnail","hentry","category-noticias"],"_links":{"self":[{"href":"https:\/\/mifavorita.com.pa\/2017\/wp-json\/wp\/v2\/posts\/487","targetHints":{"allow":["GET"]}}],"collection":[{"href":"https:\/\/mifavorita.com.pa\/2017\/wp-json\/wp\/v2\/posts"}],"about":[{"href":"https:\/\/mifavorita.com.pa\/2017\/wp-json\/wp\/v2\/types\/post"}],"author":[{"embeddable":true,"href":"https:\/\/mifavorita.com.pa\/2017\/wp-json\/wp\/v2\/users\/3"}],"replies":[{"embeddable":true,"href":"https:\/\/mifavorita.com.pa\/2017\/wp-json\/wp\/v2\/comments?post=487"}],"version-history":[{"count":1,"href":"https:\/\/mifavorita.com.pa\/2017\/wp-json\/wp\/v2\/posts\/487\/revisions"}],"predecessor-version":[{"id":493,"href":"https:\/\/mifavorita.com.pa\/2017\/wp-json\/wp\/v2\/posts\/487\/revisions\/493"}],"wp:featuredmedia":[{"embeddable":true,"href":"https:\/\/mifavorita.com.pa\/2017\/wp-json\/wp\/v2\/media\/489"}],"wp:attachment":[{"href":"https:\/\/mifavorita.com.pa\/2017\/wp-json\/wp\/v2\/media?parent=487"}],"wp:term":[{"taxonomy":"category","embeddable":true,"href":"https:\/\/mifavorita.com.pa\/2017\/wp-json\/wp\/v2\/categories?post=487"},{"taxonomy":"post_tag","embeddable":true,"href":"https:\/\/mifavorita.com.pa\/2017\/wp-json\/wp\/v2\/tags?post=487"}],"curies":[{"name":"wp","href":"https:\/\/api.w.org\/{rel}","templated":true}]}}