{"id":4905,"date":"2021-12-16T00:30:52","date_gmt":"2021-12-16T00:30:52","guid":{"rendered":"https:\/\/mifavorita.com.pa\/2017\/?p=4905"},"modified":"2021-12-16T00:30:53","modified_gmt":"2021-12-16T00:30:53","slug":"penonomenos-rinden-homenaje-a-la-inmaculada","status":"publish","type":"post","link":"https:\/\/mifavorita.com.pa\/2017\/penonomenos-rinden-homenaje-a-la-inmaculada\/","title":{"rendered":"Penonome\u00f1os rinden homenaje a la Inmaculada"},"content":{"rendered":"\n<p>EDILSA GONZ\u00c1LEZ ROCA<\/p>\n\n\n\n<p>COCL\u00c9.<\/p>\n\n\n\n<p>Cientos de penonome\u00f1os rindieron honor este 15 de Diciembre a la Virgen Mar\u00eda de la Inmaculada Concepci\u00f3n patrona del pueblo de Penonom\u00e9, este a\u00f1o a diferencia del anterior se permiti\u00f3 la asistencia de los devotos al templo que estuvo lleno de feligreses que acudieron a dar gracias a la Madre de Jes\u00fas.<\/p>\n\n\n\n<p>La ceremonia eucar\u00edstica celebrada en la Catedral san Juan Bautista estuvo presidida por el Obispo de Penonom\u00e9, Monse\u00f1or Edgardo Cede\u00f1o Mu\u00f1oz acompa\u00f1ado del cardenal Jos\u00e9 Luis Lacunza y el Obispo de la Di\u00f3cesis de Chitr\u00e9 Rafael Valdivieso, adem\u00e1s del clero de toda la provincia de Cocl\u00e9.<\/p>\n\n\n\n<figure class=\"wp-block-image size-large\"><img fetchpriority=\"high\" decoding=\"async\" width=\"901\" height=\"1600\" src=\"https:\/\/mifavorita.com.pa\/2017\/wp-content\/uploads\/2021\/12\/ba60428e-48d0-4c83-bb2a-c6c2682492e9.jpg\" alt=\"\" class=\"wp-image-4903\" srcset=\"https:\/\/mifavorita.com.pa\/2017\/wp-content\/uploads\/2021\/12\/ba60428e-48d0-4c83-bb2a-c6c2682492e9.jpg 901w, https:\/\/mifavorita.com.pa\/2017\/wp-content\/uploads\/2021\/12\/ba60428e-48d0-4c83-bb2a-c6c2682492e9-169x300.jpg 169w, https:\/\/mifavorita.com.pa\/2017\/wp-content\/uploads\/2021\/12\/ba60428e-48d0-4c83-bb2a-c6c2682492e9-577x1024.jpg 577w, https:\/\/mifavorita.com.pa\/2017\/wp-content\/uploads\/2021\/12\/ba60428e-48d0-4c83-bb2a-c6c2682492e9-768x1364.jpg 768w, https:\/\/mifavorita.com.pa\/2017\/wp-content\/uploads\/2021\/12\/ba60428e-48d0-4c83-bb2a-c6c2682492e9-865x1536.jpg 865w\" sizes=\"(max-width: 901px) 100vw, 901px\" \/><\/figure>\n\n\n\n<p>Durante la homil\u00eda el Obispo, hizo el llamado a los penonome\u00f1os a seguir el camino que la Virgen nos se\u00f1ala hacia Jes\u00fas, siguiendo el camino de una&nbsp;&nbsp;Mar\u00eda que escucha, solidaria y servidora y tambi\u00e9n a no bajar la guardia y a seguir cuid\u00e1ndose y a vacunarse para salir todos juntos de la pandemia.<\/p>\n\n\n\n<p>Por su parte el Cardenal Lacunza, quien asisti\u00f3 atendiendo invitaci\u00f3n de la di\u00f3cesis dijo que la idea es mostrar que es una sola iglesia y debemos manifestarlo y expresarlo en la participaci\u00f3n de estar con el pueblo con la gente en sus celebraciones entendiendo que todos somos una sola familia.<\/p>\n\n\n\n<figure class=\"wp-block-image size-large\"><img decoding=\"async\" width=\"1600\" height=\"901\" src=\"https:\/\/mifavorita.com.pa\/2017\/wp-content\/uploads\/2021\/12\/6fd8aae1-a907-4e55-bb7f-f2c5dce341d4.jpg\" alt=\"\" class=\"wp-image-4904\" srcset=\"https:\/\/mifavorita.com.pa\/2017\/wp-content\/uploads\/2021\/12\/6fd8aae1-a907-4e55-bb7f-f2c5dce341d4.jpg 1600w, https:\/\/mifavorita.com.pa\/2017\/wp-content\/uploads\/2021\/12\/6fd8aae1-a907-4e55-bb7f-f2c5dce341d4-300x169.jpg 300w, https:\/\/mifavorita.com.pa\/2017\/wp-content\/uploads\/2021\/12\/6fd8aae1-a907-4e55-bb7f-f2c5dce341d4-1024x577.jpg 1024w, https:\/\/mifavorita.com.pa\/2017\/wp-content\/uploads\/2021\/12\/6fd8aae1-a907-4e55-bb7f-f2c5dce341d4-768x432.jpg 768w, https:\/\/mifavorita.com.pa\/2017\/wp-content\/uploads\/2021\/12\/6fd8aae1-a907-4e55-bb7f-f2c5dce341d4-1536x865.jpg 1536w, https:\/\/mifavorita.com.pa\/2017\/wp-content\/uploads\/2021\/12\/6fd8aae1-a907-4e55-bb7f-f2c5dce341d4-1200x676.jpg 1200w\" sizes=\"(max-width: 1600px) 100vw, 1600px\" \/><\/figure>\n\n\n\n<p>Por los efectos de la pandemia por tercer a\u00f1o no se pudo celebrar la tradicional procesi\u00f3n de la Virgen por la calles de la ciudad, en sus lugar se organiz\u00f3 una romer\u00eda en la que la Imagen de la Inmaculada permaneci\u00f3 durante tres horas a las puertas de la catedral para que todos sus devotos pudieran visitarle y darles gracias por los favores concedidos.<\/p>\n","protected":false},"excerpt":{"rendered":"<p>EDILSA GONZ\u00c1LEZ ROCA COCL\u00c9. Cientos de penonome\u00f1os rindieron honor este 15 de Diciembre a la Virgen Mar\u00eda de la Inmaculada Concepci\u00f3n patrona del pueblo de Penonom\u00e9, este a\u00f1o a diferencia del anterior se permiti\u00f3 la asistencia de los devotos al templo que estuvo lleno de feligreses que acudieron a dar gracias a la Madre de [&hellip;]<\/p>\n","protected":false},"author":2,"featured_media":4902,"comment_status":"closed","ping_status":"open","sticky":false,"template":"","format":"standard","meta":{"footnotes":""},"categories":[1],"tags":[],"class_list":["post-4905","post","type-post","status-publish","format-standard","has-post-thumbnail","hentry","category-noticias"],"_links":{"self":[{"href":"https:\/\/mifavorita.com.pa\/2017\/wp-json\/wp\/v2\/posts\/4905","targetHints":{"allow":["GET"]}}],"collection":[{"href":"https:\/\/mifavorita.com.pa\/2017\/wp-json\/wp\/v2\/posts"}],"about":[{"href":"https:\/\/mifavorita.com.pa\/2017\/wp-json\/wp\/v2\/types\/post"}],"author":[{"embeddable":true,"href":"https:\/\/mifavorita.com.pa\/2017\/wp-json\/wp\/v2\/users\/2"}],"replies":[{"embeddable":true,"href":"https:\/\/mifavorita.com.pa\/2017\/wp-json\/wp\/v2\/comments?post=4905"}],"version-history":[{"count":1,"href":"https:\/\/mifavorita.com.pa\/2017\/wp-json\/wp\/v2\/posts\/4905\/revisions"}],"predecessor-version":[{"id":4906,"href":"https:\/\/mifavorita.com.pa\/2017\/wp-json\/wp\/v2\/posts\/4905\/revisions\/4906"}],"wp:featuredmedia":[{"embeddable":true,"href":"https:\/\/mifavorita.com.pa\/2017\/wp-json\/wp\/v2\/media\/4902"}],"wp:attachment":[{"href":"https:\/\/mifavorita.com.pa\/2017\/wp-json\/wp\/v2\/media?parent=4905"}],"wp:term":[{"taxonomy":"category","embeddable":true,"href":"https:\/\/mifavorita.com.pa\/2017\/wp-json\/wp\/v2\/categories?post=4905"},{"taxonomy":"post_tag","embeddable":true,"href":"https:\/\/mifavorita.com.pa\/2017\/wp-json\/wp\/v2\/tags?post=4905"}],"curies":[{"name":"wp","href":"https:\/\/api.w.org\/{rel}","templated":true}]}}