{"id":4917,"date":"2022-02-03T19:59:11","date_gmt":"2022-02-03T19:59:11","guid":{"rendered":"https:\/\/mifavorita.com.pa\/2017\/?p=4917"},"modified":"2022-02-03T19:59:14","modified_gmt":"2022-02-03T19:59:14","slug":"mujeres-de-programas-de-inclusion-productiva-inician-cosechas-de-cebollas","status":"publish","type":"post","link":"https:\/\/mifavorita.com.pa\/2017\/mujeres-de-programas-de-inclusion-productiva-inician-cosechas-de-cebollas\/","title":{"rendered":"Mujeres de programas de inclusi\u00f3n productiva inician cosechas de cebollas"},"content":{"rendered":"\n<p>EDILSA GONZALEZ ROCA<\/p>\n\n\n\n<p>COCL\u00c9.<\/p>\n\n\n\n<p>Con la meta de superar los rendimientos del a\u00f1o anterior, el grupo de mujeres del Proyecto de Inclusi\u00f3n Productiva de la direcci\u00f3n de Redes Territoriales del Mides, inici\u00f3 su cosecha de cebollas del a\u00f1o 2022 en el sector de Don Juan en la Yeguada de Nat\u00e1.<\/p>\n\n\n\n<p>Cecilia Rodr\u00edguez coordinadora del proyecto indic\u00f3 que el a\u00f1o anterior en su primer emprendimiento con la siembra de cebollas lograron cosechar unos 80 quintales, este a\u00f1o esperan cosechar unos 120 quintales.<\/p>\n\n\n\n<figure class=\"wp-block-image size-large\"><img fetchpriority=\"high\" decoding=\"async\" width=\"1280\" height=\"853\" src=\"https:\/\/mifavorita.com.pa\/2017\/wp-content\/uploads\/2022\/02\/c7bb72ea-3ccf-4458-968b-c837b87a0ae7.jpg\" alt=\"\" class=\"wp-image-4912\" srcset=\"https:\/\/mifavorita.com.pa\/2017\/wp-content\/uploads\/2022\/02\/c7bb72ea-3ccf-4458-968b-c837b87a0ae7.jpg 1280w, https:\/\/mifavorita.com.pa\/2017\/wp-content\/uploads\/2022\/02\/c7bb72ea-3ccf-4458-968b-c837b87a0ae7-300x200.jpg 300w, https:\/\/mifavorita.com.pa\/2017\/wp-content\/uploads\/2022\/02\/c7bb72ea-3ccf-4458-968b-c837b87a0ae7-1024x682.jpg 1024w, https:\/\/mifavorita.com.pa\/2017\/wp-content\/uploads\/2022\/02\/c7bb72ea-3ccf-4458-968b-c837b87a0ae7-768x512.jpg 768w, https:\/\/mifavorita.com.pa\/2017\/wp-content\/uploads\/2022\/02\/c7bb72ea-3ccf-4458-968b-c837b87a0ae7-1200x800.jpg 1200w\" sizes=\"(max-width: 1280px) 100vw, 1280px\" \/><\/figure>\n\n\n\n<p>La cosecha que se llevar\u00e1 de manera escalonada inici\u00f3 esta semana durante la visita del Ministra de Desarrollo Social, Mar\u00eda In\u00e9s Castillo, quien estuvo la parcela de este grupo de mujeres pertenecientes a los programas de Red de Oportunidades y \u00c1ngel Guardi\u00e1n, y que han encontrado en el cultivo de hortalizas y otros rubros una manera de generar ingresos.<\/p>\n\n\n\n<p>En el cultivo ubicado en la Huerta \u201cTierra Linda\u201d, las mujeres tambi\u00e9n tienen sembrado arroz, piment\u00f3n, pepino, zanahoria, tomates, aj\u00ed, zapallos, habichuelas y pl\u00e1tano, entre otros rubros.<\/p>\n\n\n\n<p>La titular de la cartera social asegur\u00f3 que la cosecha es el resultado de la puesta en marcha del \u201cPlan Colmena\u201d que permiti\u00f3 que instituciones como el Mida, Arap y el Inadeh, capacitaran a estas mujeres en Escuelas de Campo para que obtuvieran una cosecha con altos rendimientos.<\/p>\n\n\n\n<figure class=\"wp-block-image size-large\"><img decoding=\"async\" width=\"1280\" height=\"853\" src=\"https:\/\/mifavorita.com.pa\/2017\/wp-content\/uploads\/2022\/02\/23e403a0-093b-42c7-9ff3-c0ecdbe30488.jpg\" alt=\"\" class=\"wp-image-4914\" srcset=\"https:\/\/mifavorita.com.pa\/2017\/wp-content\/uploads\/2022\/02\/23e403a0-093b-42c7-9ff3-c0ecdbe30488.jpg 1280w, https:\/\/mifavorita.com.pa\/2017\/wp-content\/uploads\/2022\/02\/23e403a0-093b-42c7-9ff3-c0ecdbe30488-300x200.jpg 300w, https:\/\/mifavorita.com.pa\/2017\/wp-content\/uploads\/2022\/02\/23e403a0-093b-42c7-9ff3-c0ecdbe30488-1024x682.jpg 1024w, https:\/\/mifavorita.com.pa\/2017\/wp-content\/uploads\/2022\/02\/23e403a0-093b-42c7-9ff3-c0ecdbe30488-768x512.jpg 768w, https:\/\/mifavorita.com.pa\/2017\/wp-content\/uploads\/2022\/02\/23e403a0-093b-42c7-9ff3-c0ecdbe30488-1200x800.jpg 1200w\" sizes=\"(max-width: 1280px) 100vw, 1280px\" \/><\/figure>\n\n\n\n<p>Cecilia Rodr\u00edguez reconoce que este proyecto le ha permitido migrar de una agricultura de subsistencia a una basada en tecnolog\u00eda, donde se obtienen altos rendimientos en espacios peque\u00f1os y lo m\u00e1s importante es que se aplican procesos amigables con el medio ambiente.&nbsp;<\/p>\n\n\n\n<p>La ministra indic\u00f3 que este emprendimiento se est\u00e1 desarrollando en el corregimiento de Las Huacas en el distrito de Nat\u00e1 que presenta un \u00edndice de pobreza multidimensional del 88.3%, de acuerdo con el IPM-C, elaborado por la Secretar\u00eda T\u00e9cnica del Gabinete Social del Mides.<\/p>\n\n\n\n<p>Las Redes de Familia de la Direcci\u00f3n de Redes Territoriales del Mides tienen un componente de inclusi\u00f3n en donde&nbsp;&nbsp;madres de ni\u00f1os con discapacidad severa, como Mar\u00eda y Ana Guevara de 39 y 24 a\u00f1os, respectivamente, han encontrado un lugar para trabajar y llevar comida y recursos a sus casas.<\/p>\n\n\n\n<p>\u201cPor la discapacidad que tiene mi hija Luc\u00eda me he dedicado a cuidarla a tiempo completo, pero este proyecto me ha permitido generar ingresos que me ayudan a mejorar la calidad de vida de mi familia\u201d, relat\u00f3 Mar\u00eda quien es beneficiaria del programa \u00c1ngel Guardi\u00e1n.<\/p>\n\n\n\n<figure class=\"wp-block-image size-large\"><img decoding=\"async\" width=\"1280\" height=\"853\" src=\"https:\/\/mifavorita.com.pa\/2017\/wp-content\/uploads\/2022\/02\/474baa6b-887d-4427-b91b-f4a671444242.jpg\" alt=\"\" class=\"wp-image-4916\" srcset=\"https:\/\/mifavorita.com.pa\/2017\/wp-content\/uploads\/2022\/02\/474baa6b-887d-4427-b91b-f4a671444242.jpg 1280w, https:\/\/mifavorita.com.pa\/2017\/wp-content\/uploads\/2022\/02\/474baa6b-887d-4427-b91b-f4a671444242-300x200.jpg 300w, https:\/\/mifavorita.com.pa\/2017\/wp-content\/uploads\/2022\/02\/474baa6b-887d-4427-b91b-f4a671444242-1024x682.jpg 1024w, https:\/\/mifavorita.com.pa\/2017\/wp-content\/uploads\/2022\/02\/474baa6b-887d-4427-b91b-f4a671444242-768x512.jpg 768w, https:\/\/mifavorita.com.pa\/2017\/wp-content\/uploads\/2022\/02\/474baa6b-887d-4427-b91b-f4a671444242-1200x800.jpg 1200w\" sizes=\"(max-width: 1280px) 100vw, 1280px\" \/><\/figure>\n\n\n\n<p>En la provincia de Cocl\u00e9 se desarrolla el programa Redes Familiares en cinco (5) distritos que son: Ant\u00f3n, La Pintada, Nat\u00e1, Ol\u00e1 y  Penonom\u00e9, beneficiando a 13 corregimientos donde se benefician familias de los Programas de Transferencias Monetarias Condicionadas.  Todos estos corregimientos pertenecen al Plan Colmena.<\/p>\n","protected":false},"excerpt":{"rendered":"<p>EDILSA GONZALEZ ROCA COCL\u00c9. Con la meta de superar los rendimientos del a\u00f1o anterior, el grupo de mujeres del Proyecto de Inclusi\u00f3n Productiva de la direcci\u00f3n de Redes Territoriales del Mides, inici\u00f3 su cosecha de cebollas del a\u00f1o 2022 en el sector de Don Juan en la Yeguada de Nat\u00e1. Cecilia Rodr\u00edguez coordinadora del proyecto [&hellip;]<\/p>\n","protected":false},"author":2,"featured_media":4911,"comment_status":"closed","ping_status":"open","sticky":false,"template":"","format":"standard","meta":{"footnotes":""},"categories":[1],"tags":[],"class_list":["post-4917","post","type-post","status-publish","format-standard","has-post-thumbnail","hentry","category-noticias"],"_links":{"self":[{"href":"https:\/\/mifavorita.com.pa\/2017\/wp-json\/wp\/v2\/posts\/4917","targetHints":{"allow":["GET"]}}],"collection":[{"href":"https:\/\/mifavorita.com.pa\/2017\/wp-json\/wp\/v2\/posts"}],"about":[{"href":"https:\/\/mifavorita.com.pa\/2017\/wp-json\/wp\/v2\/types\/post"}],"author":[{"embeddable":true,"href":"https:\/\/mifavorita.com.pa\/2017\/wp-json\/wp\/v2\/users\/2"}],"replies":[{"embeddable":true,"href":"https:\/\/mifavorita.com.pa\/2017\/wp-json\/wp\/v2\/comments?post=4917"}],"version-history":[{"count":1,"href":"https:\/\/mifavorita.com.pa\/2017\/wp-json\/wp\/v2\/posts\/4917\/revisions"}],"predecessor-version":[{"id":4918,"href":"https:\/\/mifavorita.com.pa\/2017\/wp-json\/wp\/v2\/posts\/4917\/revisions\/4918"}],"wp:featuredmedia":[{"embeddable":true,"href":"https:\/\/mifavorita.com.pa\/2017\/wp-json\/wp\/v2\/media\/4911"}],"wp:attachment":[{"href":"https:\/\/mifavorita.com.pa\/2017\/wp-json\/wp\/v2\/media?parent=4917"}],"wp:term":[{"taxonomy":"category","embeddable":true,"href":"https:\/\/mifavorita.com.pa\/2017\/wp-json\/wp\/v2\/categories?post=4917"},{"taxonomy":"post_tag","embeddable":true,"href":"https:\/\/mifavorita.com.pa\/2017\/wp-json\/wp\/v2\/tags?post=4917"}],"curies":[{"name":"wp","href":"https:\/\/api.w.org\/{rel}","templated":true}]}}