{"id":4922,"date":"2022-02-07T19:31:35","date_gmt":"2022-02-07T19:31:35","guid":{"rendered":"https:\/\/mifavorita.com.pa\/2017\/?p=4922"},"modified":"2022-02-07T19:32:47","modified_gmt":"2022-02-07T19:32:47","slug":"natariegos-protestan-en-la-capital","status":"publish","type":"post","link":"https:\/\/mifavorita.com.pa\/2017\/natariegos-protestan-en-la-capital\/","title":{"rendered":"Natariegos protestan en la capital"},"content":{"rendered":"\n<p>EDILSA GONZ\u00c1LEZ ROCA<\/p>\n\n\n\n<p>COCL\u00c9.<\/p>\n\n\n\n<p>Carreteras dignas, escuelas terminadas y mejoras en la infraestructuras de todo el distrito que est\u00e1 a punto a cumplir 500 es lo que piden los Natariegos que este lunes agrupados en la Organizaci\u00f3n de Base Comunitaria San Crist\u00f3bal, el Comit\u00e9 de Acci\u00f3n Social y los Natariegos residentes en la capital realizaron una protesta en las instalaciones del Ministerio de Obras P\u00fablicas en la ciudad capital.<\/p>\n\n\n\n<p>Juan de Dios Alfaro de la Organizaci\u00f3n de Base Comunitaria San Crist\u00f3bal de Nat\u00e1, se\u00f1al\u00f3 que lo que est\u00e1n exigiendo a las autoridades del gobierno central es que se liciten las calles de Nat\u00e1 un proyecto que fue levantado por el Ministerio de Obras P\u00fablicas en 2019 y que comprende unos 97 kil\u00f3metros de carreteras.<\/p>\n\n\n\n<figure class=\"wp-block-image size-large\"><img fetchpriority=\"high\" decoding=\"async\" width=\"1600\" height=\"900\" src=\"https:\/\/mifavorita.com.pa\/2017\/wp-content\/uploads\/2022\/02\/29d8dfb3-e41b-4be9-aa88-f7b08041fecd.jpg\" alt=\"\" class=\"wp-image-4920\" srcset=\"https:\/\/mifavorita.com.pa\/2017\/wp-content\/uploads\/2022\/02\/29d8dfb3-e41b-4be9-aa88-f7b08041fecd.jpg 1600w, https:\/\/mifavorita.com.pa\/2017\/wp-content\/uploads\/2022\/02\/29d8dfb3-e41b-4be9-aa88-f7b08041fecd-300x169.jpg 300w, https:\/\/mifavorita.com.pa\/2017\/wp-content\/uploads\/2022\/02\/29d8dfb3-e41b-4be9-aa88-f7b08041fecd-1024x576.jpg 1024w, https:\/\/mifavorita.com.pa\/2017\/wp-content\/uploads\/2022\/02\/29d8dfb3-e41b-4be9-aa88-f7b08041fecd-768x432.jpg 768w, https:\/\/mifavorita.com.pa\/2017\/wp-content\/uploads\/2022\/02\/29d8dfb3-e41b-4be9-aa88-f7b08041fecd-1536x864.jpg 1536w, https:\/\/mifavorita.com.pa\/2017\/wp-content\/uploads\/2022\/02\/29d8dfb3-e41b-4be9-aa88-f7b08041fecd-1200x675.jpg 1200w\" sizes=\"(max-width: 1600px) 100vw, 1600px\" \/><\/figure>\n\n\n\n<p>Los residentes aseguran que el estado desastroso en que se encuentran actualmente las calles, principalmente en el corregimiento cabecera, son una verg\u00fcenza y adem\u00e1s un martirio para los que a diario tienen que transitar por las mismas, por lo que exigen respuestas inmediatas.<\/p>\n\n\n\n<p>Seg\u00fan Alfaro el proyecto de carreteras deb\u00eda estar completado o por lo menos avanzado al celebrar los 500 a\u00f1os de Nat\u00e1, pero a tres meses de la celebraci\u00f3n ni siquiera aparecen en los presupuestos del Estado por lo que exigen certeza de la realizaci\u00f3n de las obras.<\/p>\n\n\n\n<figure class=\"wp-block-image size-large\"><img decoding=\"async\" width=\"1600\" height=\"900\" src=\"https:\/\/mifavorita.com.pa\/2017\/wp-content\/uploads\/2022\/02\/34babf1f-15cf-4fb6-9e5c-dc6f633bd1cd.jpg\" alt=\"\" class=\"wp-image-4921\" srcset=\"https:\/\/mifavorita.com.pa\/2017\/wp-content\/uploads\/2022\/02\/34babf1f-15cf-4fb6-9e5c-dc6f633bd1cd.jpg 1600w, https:\/\/mifavorita.com.pa\/2017\/wp-content\/uploads\/2022\/02\/34babf1f-15cf-4fb6-9e5c-dc6f633bd1cd-300x169.jpg 300w, https:\/\/mifavorita.com.pa\/2017\/wp-content\/uploads\/2022\/02\/34babf1f-15cf-4fb6-9e5c-dc6f633bd1cd-1024x576.jpg 1024w, https:\/\/mifavorita.com.pa\/2017\/wp-content\/uploads\/2022\/02\/34babf1f-15cf-4fb6-9e5c-dc6f633bd1cd-768x432.jpg 768w, https:\/\/mifavorita.com.pa\/2017\/wp-content\/uploads\/2022\/02\/34babf1f-15cf-4fb6-9e5c-dc6f633bd1cd-1536x864.jpg 1536w, https:\/\/mifavorita.com.pa\/2017\/wp-content\/uploads\/2022\/02\/34babf1f-15cf-4fb6-9e5c-dc6f633bd1cd-1200x675.jpg 1200w\" sizes=\"(max-width: 1600px) 100vw, 1600px\" \/><\/figure>\n\n\n\n<p>Los manifestantes aprovecharon la coyuntura para solicitar igualmente al Ministerio de Educaci\u00f3n se terminen los proyectos educativos que se mantienen en el distrito, tal es el caso de la Escuela Espa\u00f1a que tiene m\u00e1s de cinco a\u00f1os en proceso al igual que el Colegio Mariano Prados que a\u00fan no se termina en sus totalidad.<\/p>\n\n\n\n<p>En el Ministerio de Obras P\u00fablicas fueron atendidos por Nicol\u00e1s Villarreal asesor del ministro que les explic\u00f3 que debido a la reducci\u00f3n del presupuesto los proyectos de Nat\u00e1 no fueron aprobados, pero les consigui\u00f3 una reuni\u00f3n con el propio Sabonge para el 15 de febrero, igualmente fueron atendidos por el viceministro de infraestructura del Meduca.<\/p>\n","protected":false},"excerpt":{"rendered":"<p>EDILSA GONZ\u00c1LEZ ROCA COCL\u00c9. Carreteras dignas, escuelas terminadas y mejoras en la infraestructuras de todo el distrito que est\u00e1 a punto a cumplir 500 es lo que piden los Natariegos que este lunes agrupados en la Organizaci\u00f3n de Base Comunitaria San Crist\u00f3bal, el Comit\u00e9 de Acci\u00f3n Social y los Natariegos residentes en la capital realizaron [&hellip;]<\/p>\n","protected":false},"author":2,"featured_media":4924,"comment_status":"closed","ping_status":"open","sticky":false,"template":"","format":"standard","meta":{"footnotes":""},"categories":[1],"tags":[],"class_list":["post-4922","post","type-post","status-publish","format-standard","has-post-thumbnail","hentry","category-noticias"],"_links":{"self":[{"href":"https:\/\/mifavorita.com.pa\/2017\/wp-json\/wp\/v2\/posts\/4922","targetHints":{"allow":["GET"]}}],"collection":[{"href":"https:\/\/mifavorita.com.pa\/2017\/wp-json\/wp\/v2\/posts"}],"about":[{"href":"https:\/\/mifavorita.com.pa\/2017\/wp-json\/wp\/v2\/types\/post"}],"author":[{"embeddable":true,"href":"https:\/\/mifavorita.com.pa\/2017\/wp-json\/wp\/v2\/users\/2"}],"replies":[{"embeddable":true,"href":"https:\/\/mifavorita.com.pa\/2017\/wp-json\/wp\/v2\/comments?post=4922"}],"version-history":[{"count":1,"href":"https:\/\/mifavorita.com.pa\/2017\/wp-json\/wp\/v2\/posts\/4922\/revisions"}],"predecessor-version":[{"id":4923,"href":"https:\/\/mifavorita.com.pa\/2017\/wp-json\/wp\/v2\/posts\/4922\/revisions\/4923"}],"wp:featuredmedia":[{"embeddable":true,"href":"https:\/\/mifavorita.com.pa\/2017\/wp-json\/wp\/v2\/media\/4924"}],"wp:attachment":[{"href":"https:\/\/mifavorita.com.pa\/2017\/wp-json\/wp\/v2\/media?parent=4922"}],"wp:term":[{"taxonomy":"category","embeddable":true,"href":"https:\/\/mifavorita.com.pa\/2017\/wp-json\/wp\/v2\/categories?post=4922"},{"taxonomy":"post_tag","embeddable":true,"href":"https:\/\/mifavorita.com.pa\/2017\/wp-json\/wp\/v2\/tags?post=4922"}],"curies":[{"name":"wp","href":"https:\/\/api.w.org\/{rel}","templated":true}]}}