{"id":4926,"date":"2022-02-09T21:09:32","date_gmt":"2022-02-09T21:09:32","guid":{"rendered":"https:\/\/mifavorita.com.pa\/2017\/?p=4926"},"modified":"2022-02-09T21:09:33","modified_gmt":"2022-02-09T21:09:33","slug":"juez-ordena-detencion-provisional-a-presunto-estafador","status":"publish","type":"post","link":"https:\/\/mifavorita.com.pa\/2017\/juez-ordena-detencion-provisional-a-presunto-estafador\/","title":{"rendered":"Juez ordena detenci\u00f3n provisional a presunto estafador"},"content":{"rendered":"\n<p>EDILSA GONZ\u00c1LEZ ROCA<\/p>\n\n\n\n<p>COCL\u00c9.<\/p>\n\n\n\n<p>En una jornada marat\u00f3nica que inici\u00f3 a las nueve de la ma\u00f1ana del martes 8 de febrero y culmin\u00f3 pasadas las once de la noche, la Fiscal\u00eda Superior de Los Santos llev\u00f3 a audiencias por once denuncias distintas a un sujeto que presuntamente estaf\u00f3 a varios ganaderos de provincias centrales.<\/p>\n\n\n\n<p>Las audiencias todas por el supuesto delito de estafa agravada, tienen su origen en hechos ocurridos entre los meses de septiembre a octubre de 2021 en la subasta ganadera de Guarar\u00e9, en donde seg\u00fan se dio a conocer en las audiencias el hombre de 39 a\u00f1os y residente en Penonom\u00e9, vend\u00eda y compraba ganado que al final no pag\u00f3 a sus v\u00edctimas.<\/p>\n\n\n\n<p>En cada una de las once audiencias realizadas en la sede del SPA de Los Santos el juez de garant\u00edas Bosco Monterrey, dio por sentadas las imputaciones por estafa agravada y le impuso medida cautelar de detenci\u00f3n provisional por seis meses al imputado Octavio Rodr\u00edguez De Le\u00f3n.<\/p>\n\n\n\n<p>Seg\u00fan el juez Monterrey la medida impuesta se da debido a que existen riesgos procesales como peligro de fuga, desatenci\u00f3n al proceso y destrucci\u00f3n de los medios de pruebas por lo que consider\u00f3 c\u00f3nsona la medida con la relevancia del delito.<\/p>\n\n\n\n<p>Las medidas cautelares de detenci\u00f3n provisional impuesta en cada una de las audiencias fueron apeladas por el abogado defensor Alexander Navas y fueron programadas para este jueves 10 de febrero.<\/p>\n","protected":false},"excerpt":{"rendered":"<p>EDILSA GONZ\u00c1LEZ ROCA COCL\u00c9. En una jornada marat\u00f3nica que inici\u00f3 a las nueve de la ma\u00f1ana del martes 8 de febrero y culmin\u00f3 pasadas las once de la noche, la Fiscal\u00eda Superior de Los Santos llev\u00f3 a audiencias por once denuncias distintas a un sujeto que presuntamente estaf\u00f3 a varios ganaderos de provincias centrales. Las [&hellip;]<\/p>\n","protected":false},"author":2,"featured_media":4925,"comment_status":"closed","ping_status":"open","sticky":false,"template":"","format":"standard","meta":{"footnotes":""},"categories":[1],"tags":[],"class_list":["post-4926","post","type-post","status-publish","format-standard","has-post-thumbnail","hentry","category-noticias"],"_links":{"self":[{"href":"https:\/\/mifavorita.com.pa\/2017\/wp-json\/wp\/v2\/posts\/4926","targetHints":{"allow":["GET"]}}],"collection":[{"href":"https:\/\/mifavorita.com.pa\/2017\/wp-json\/wp\/v2\/posts"}],"about":[{"href":"https:\/\/mifavorita.com.pa\/2017\/wp-json\/wp\/v2\/types\/post"}],"author":[{"embeddable":true,"href":"https:\/\/mifavorita.com.pa\/2017\/wp-json\/wp\/v2\/users\/2"}],"replies":[{"embeddable":true,"href":"https:\/\/mifavorita.com.pa\/2017\/wp-json\/wp\/v2\/comments?post=4926"}],"version-history":[{"count":1,"href":"https:\/\/mifavorita.com.pa\/2017\/wp-json\/wp\/v2\/posts\/4926\/revisions"}],"predecessor-version":[{"id":4927,"href":"https:\/\/mifavorita.com.pa\/2017\/wp-json\/wp\/v2\/posts\/4926\/revisions\/4927"}],"wp:featuredmedia":[{"embeddable":true,"href":"https:\/\/mifavorita.com.pa\/2017\/wp-json\/wp\/v2\/media\/4925"}],"wp:attachment":[{"href":"https:\/\/mifavorita.com.pa\/2017\/wp-json\/wp\/v2\/media?parent=4926"}],"wp:term":[{"taxonomy":"category","embeddable":true,"href":"https:\/\/mifavorita.com.pa\/2017\/wp-json\/wp\/v2\/categories?post=4926"},{"taxonomy":"post_tag","embeddable":true,"href":"https:\/\/mifavorita.com.pa\/2017\/wp-json\/wp\/v2\/tags?post=4926"}],"curies":[{"name":"wp","href":"https:\/\/api.w.org\/{rel}","templated":true}]}}