{"id":4940,"date":"2022-03-05T20:37:41","date_gmt":"2022-03-05T20:37:41","guid":{"rendered":"https:\/\/mifavorita.com.pa\/2017\/?p=4940"},"modified":"2022-03-05T20:37:43","modified_gmt":"2022-03-05T20:37:43","slug":"crecida-del-rio-grande-afecta-a-dos-cebolleros","status":"publish","type":"post","link":"https:\/\/mifavorita.com.pa\/2017\/crecida-del-rio-grande-afecta-a-dos-cebolleros\/","title":{"rendered":"Crecida del R\u00edo Grande afecta a dos cebolleros"},"content":{"rendered":"\n<p>EDILSA GONZALEZ ROCA<\/p>\n\n\n\n<p>COCL\u00c9.<\/p>\n\n\n\n<p>Aproximadamente 1.8 hect\u00e1reas de cultivos de cebolla fueron afectados la noche de este viernes 4 de marzo por la crecida del r\u00edo Grande, debido al mal tiempo que se registra por estos d\u00edas en el pa\u00eds.<\/p>\n\n\n\n<p>Seg\u00fan reporte del Ministerio de Desarrollo Agropecuario, cuyos t\u00e9cnicos realizaron inspecci\u00f3n a las \u00e1reas afectadas la ma\u00f1ana de este s\u00e1bado 5 de marzo, fueron dos las parcelas afectadas, una del lado de R\u00edo Grande y otra cerca al Parque Arqueol\u00f3gico del lado de El Ca\u00f1o.<\/p>\n\n\n\n<figure class=\"wp-block-image size-large\"><img fetchpriority=\"high\" decoding=\"async\" width=\"1170\" height=\"1718\" src=\"https:\/\/mifavorita.com.pa\/2017\/wp-content\/uploads\/2022\/03\/img_0310.jpg\" alt=\"\" class=\"wp-image-4939\" srcset=\"https:\/\/mifavorita.com.pa\/2017\/wp-content\/uploads\/2022\/03\/img_0310.jpg 1170w, https:\/\/mifavorita.com.pa\/2017\/wp-content\/uploads\/2022\/03\/img_0310-204x300.jpg 204w, https:\/\/mifavorita.com.pa\/2017\/wp-content\/uploads\/2022\/03\/img_0310-697x1024.jpg 697w, https:\/\/mifavorita.com.pa\/2017\/wp-content\/uploads\/2022\/03\/img_0310-768x1128.jpg 768w, https:\/\/mifavorita.com.pa\/2017\/wp-content\/uploads\/2022\/03\/img_0310-1046x1536.jpg 1046w\" sizes=\"(max-width: 1170px) 100vw, 1170px\" \/><\/figure>\n\n\n\n<p>Juan de Dios Dom\u00ednguez, director regional del Mida en Cocl\u00e9 indic\u00f3 que las parcelas afectadas fueron la de los se\u00f1ores Zulay Su\u00e1rez y la del se\u00f1or Porfirio Quezada que en total representan una hect\u00e1rea con un poco m\u00e1s de 8 mil metros cuadrados.<\/p>\n\n\n\n<p>Agreg\u00f3 que de inmediato se trasladaron a las \u00e1reas afectadas para orientar y dar recomendaciones necesarias y verificar en el caso de la cebolla que est\u00e1 m\u00e1s avanzada si sufre alguna afectaci\u00f3n mayor.<\/p>\n","protected":false},"excerpt":{"rendered":"<p>EDILSA GONZALEZ ROCA COCL\u00c9. Aproximadamente 1.8 hect\u00e1reas de cultivos de cebolla fueron afectados la noche de este viernes 4 de marzo por la crecida del r\u00edo Grande, debido al mal tiempo que se registra por estos d\u00edas en el pa\u00eds. Seg\u00fan reporte del Ministerio de Desarrollo Agropecuario, cuyos t\u00e9cnicos realizaron inspecci\u00f3n a las \u00e1reas afectadas [&hellip;]<\/p>\n","protected":false},"author":2,"featured_media":4938,"comment_status":"closed","ping_status":"open","sticky":false,"template":"","format":"standard","meta":{"footnotes":""},"categories":[1],"tags":[],"class_list":["post-4940","post","type-post","status-publish","format-standard","has-post-thumbnail","hentry","category-noticias"],"_links":{"self":[{"href":"https:\/\/mifavorita.com.pa\/2017\/wp-json\/wp\/v2\/posts\/4940","targetHints":{"allow":["GET"]}}],"collection":[{"href":"https:\/\/mifavorita.com.pa\/2017\/wp-json\/wp\/v2\/posts"}],"about":[{"href":"https:\/\/mifavorita.com.pa\/2017\/wp-json\/wp\/v2\/types\/post"}],"author":[{"embeddable":true,"href":"https:\/\/mifavorita.com.pa\/2017\/wp-json\/wp\/v2\/users\/2"}],"replies":[{"embeddable":true,"href":"https:\/\/mifavorita.com.pa\/2017\/wp-json\/wp\/v2\/comments?post=4940"}],"version-history":[{"count":1,"href":"https:\/\/mifavorita.com.pa\/2017\/wp-json\/wp\/v2\/posts\/4940\/revisions"}],"predecessor-version":[{"id":4941,"href":"https:\/\/mifavorita.com.pa\/2017\/wp-json\/wp\/v2\/posts\/4940\/revisions\/4941"}],"wp:featuredmedia":[{"embeddable":true,"href":"https:\/\/mifavorita.com.pa\/2017\/wp-json\/wp\/v2\/media\/4938"}],"wp:attachment":[{"href":"https:\/\/mifavorita.com.pa\/2017\/wp-json\/wp\/v2\/media?parent=4940"}],"wp:term":[{"taxonomy":"category","embeddable":true,"href":"https:\/\/mifavorita.com.pa\/2017\/wp-json\/wp\/v2\/categories?post=4940"},{"taxonomy":"post_tag","embeddable":true,"href":"https:\/\/mifavorita.com.pa\/2017\/wp-json\/wp\/v2\/tags?post=4940"}],"curies":[{"name":"wp","href":"https:\/\/api.w.org\/{rel}","templated":true}]}}