{"id":4945,"date":"2022-03-07T03:30:07","date_gmt":"2022-03-07T03:30:07","guid":{"rendered":"https:\/\/mifavorita.com.pa\/2017\/?p=4945"},"modified":"2022-03-07T03:30:08","modified_gmt":"2022-03-07T03:30:08","slug":"empresa-no-cumplio-con-escuela-de-cuteva","status":"publish","type":"post","link":"https:\/\/mifavorita.com.pa\/2017\/empresa-no-cumplio-con-escuela-de-cuteva\/","title":{"rendered":"Empresa no cumpli\u00f3 con escuela de Cuteva"},"content":{"rendered":"\n<p>&nbsp;<\/p>\n\n\n\n<p>EDILSA GONZALEZ ROCA<\/p>\n\n\n\n<p>COCL\u00c9.<\/p>\n\n\n\n<p>&nbsp;<\/p>\n\n\n\n<p>Molestos se encuentran los padres de familia de la comunidad de Cuteva en el corregimiento de Llano Norte, distrito de La Pintada, esto debido a que no podr\u00e1n enviar a sus hijos a clases este lunes porque la empresa que la construye&nbsp;&nbsp;se hab\u00eda comprometido a mejorar las aulas temporales para el inicio del a\u00f1o escolar y no lo hizo.<\/p>\n\n\n\n<p>Desde hace un mes los padres de familia de la comunidad se hab\u00edan manifestado para exigirle al Meduca les diera respuesta en cuanto a la continuidad del proyecto que llevaba a\u00f1os paralizado lo que afectar\u00eda el inicio del a\u00f1o escolar.<\/p>\n\n\n\n<figure class=\"wp-block-image size-large\"><img fetchpriority=\"high\" decoding=\"async\" width=\"1096\" height=\"1582\" src=\"https:\/\/mifavorita.com.pa\/2017\/wp-content\/uploads\/2022\/03\/img_0344-1.jpg\" alt=\"\" class=\"wp-image-4943\" srcset=\"https:\/\/mifavorita.com.pa\/2017\/wp-content\/uploads\/2022\/03\/img_0344-1.jpg 1096w, https:\/\/mifavorita.com.pa\/2017\/wp-content\/uploads\/2022\/03\/img_0344-1-208x300.jpg 208w, https:\/\/mifavorita.com.pa\/2017\/wp-content\/uploads\/2022\/03\/img_0344-1-709x1024.jpg 709w, https:\/\/mifavorita.com.pa\/2017\/wp-content\/uploads\/2022\/03\/img_0344-1-768x1109.jpg 768w, https:\/\/mifavorita.com.pa\/2017\/wp-content\/uploads\/2022\/03\/img_0344-1-1064x1536.jpg 1064w\" sizes=\"(max-width: 1096px) 100vw, 1096px\" \/><\/figure>\n\n\n\n<p>Ante la queja de los padres de familia la direcci\u00f3n regional del Ministerio de Educaci\u00f3n acudi\u00f3 a la comunidad y se reunieron con la compa\u00f1\u00eda CDA, para buscar alternativas y se pact\u00f3 la habilitaci\u00f3n de tres aulas temporales para el inicio del a\u00f1o escolar.<\/p>\n\n\n\n<p>Manuel Rodr\u00edguez, vicepresidente de la Asociaci\u00f3n de Padres de Familia de la Escuela de Cuteva, manifest\u00f3 que ya el maestro les ha informado que aunque \u00e9l asistir\u00e1 a su puesto de trabajo su no se han adecuado las aulas temporales no podr\u00e1 atender a los estudiantes.<\/p>\n\n\n\n<figure class=\"wp-block-image size-large\"><img decoding=\"async\" width=\"1116\" height=\"1714\" src=\"https:\/\/mifavorita.com.pa\/2017\/wp-content\/uploads\/2022\/03\/img_0343.jpg\" alt=\"\" class=\"wp-image-4944\" srcset=\"https:\/\/mifavorita.com.pa\/2017\/wp-content\/uploads\/2022\/03\/img_0343.jpg 1116w, https:\/\/mifavorita.com.pa\/2017\/wp-content\/uploads\/2022\/03\/img_0343-195x300.jpg 195w, https:\/\/mifavorita.com.pa\/2017\/wp-content\/uploads\/2022\/03\/img_0343-667x1024.jpg 667w, https:\/\/mifavorita.com.pa\/2017\/wp-content\/uploads\/2022\/03\/img_0343-768x1180.jpg 768w, https:\/\/mifavorita.com.pa\/2017\/wp-content\/uploads\/2022\/03\/img_0343-1000x1536.jpg 1000w\" sizes=\"(max-width: 1116px) 100vw, 1116px\" \/><\/figure>\n\n\n\n<p>Indic\u00f3 que tras la reuni\u00f3n la empresa activ\u00f3 unos trabajadores, pero hace 22 d\u00edas se suspendieron nuevamente los trabajos y no han vuelto, al parecer la empresa no ha pagado a los trabajadores.<\/p>\n\n\n\n<p>Rodr\u00edguez, hizo un llamado al Ministerio de Educaci\u00f3n para que acudan a verificar el no cumplimiento del compromiso de la empresa y si es que depende que la entidad le pague a la empresa pues que lo hagan, porque al final los afectados ser\u00e1n los estudiantes los afectados.<\/p>\n","protected":false},"excerpt":{"rendered":"<p>&nbsp; EDILSA GONZALEZ ROCA COCL\u00c9. &nbsp; Molestos se encuentran los padres de familia de la comunidad de Cuteva en el corregimiento de Llano Norte, distrito de La Pintada, esto debido a que no podr\u00e1n enviar a sus hijos a clases este lunes porque la empresa que la construye&nbsp;&nbsp;se hab\u00eda comprometido a mejorar las aulas temporales [&hellip;]<\/p>\n","protected":false},"author":2,"featured_media":4942,"comment_status":"closed","ping_status":"open","sticky":false,"template":"","format":"standard","meta":{"footnotes":""},"categories":[1],"tags":[],"class_list":["post-4945","post","type-post","status-publish","format-standard","has-post-thumbnail","hentry","category-noticias"],"_links":{"self":[{"href":"https:\/\/mifavorita.com.pa\/2017\/wp-json\/wp\/v2\/posts\/4945","targetHints":{"allow":["GET"]}}],"collection":[{"href":"https:\/\/mifavorita.com.pa\/2017\/wp-json\/wp\/v2\/posts"}],"about":[{"href":"https:\/\/mifavorita.com.pa\/2017\/wp-json\/wp\/v2\/types\/post"}],"author":[{"embeddable":true,"href":"https:\/\/mifavorita.com.pa\/2017\/wp-json\/wp\/v2\/users\/2"}],"replies":[{"embeddable":true,"href":"https:\/\/mifavorita.com.pa\/2017\/wp-json\/wp\/v2\/comments?post=4945"}],"version-history":[{"count":1,"href":"https:\/\/mifavorita.com.pa\/2017\/wp-json\/wp\/v2\/posts\/4945\/revisions"}],"predecessor-version":[{"id":4946,"href":"https:\/\/mifavorita.com.pa\/2017\/wp-json\/wp\/v2\/posts\/4945\/revisions\/4946"}],"wp:featuredmedia":[{"embeddable":true,"href":"https:\/\/mifavorita.com.pa\/2017\/wp-json\/wp\/v2\/media\/4942"}],"wp:attachment":[{"href":"https:\/\/mifavorita.com.pa\/2017\/wp-json\/wp\/v2\/media?parent=4945"}],"wp:term":[{"taxonomy":"category","embeddable":true,"href":"https:\/\/mifavorita.com.pa\/2017\/wp-json\/wp\/v2\/categories?post=4945"},{"taxonomy":"post_tag","embeddable":true,"href":"https:\/\/mifavorita.com.pa\/2017\/wp-json\/wp\/v2\/tags?post=4945"}],"curies":[{"name":"wp","href":"https:\/\/api.w.org\/{rel}","templated":true}]}}