{"id":4958,"date":"2022-03-12T21:01:54","date_gmt":"2022-03-12T21:01:54","guid":{"rendered":"https:\/\/mifavorita.com.pa\/2017\/?p=4958"},"modified":"2022-03-12T21:01:56","modified_gmt":"2022-03-12T21:01:56","slug":"se-reportan-primeros-casos-de-covid-19-en-escuelas-de-cocle","status":"publish","type":"post","link":"https:\/\/mifavorita.com.pa\/2017\/se-reportan-primeros-casos-de-covid-19-en-escuelas-de-cocle\/","title":{"rendered":"Se reportan primeros casos de COVID-19 en escuelas de Cocl\u00e9"},"content":{"rendered":"\n<p>EDILSA GONZ\u00c1LEZ ROCA<\/p>\n\n\n\n<p>Un total de cuatro estudiantes de escuelas primarias de la provincia de Cocl\u00e9 fueron reportados positivos a la Covid-19 durante la primera semana de inicio del a\u00f1o, se trata de ni\u00f1os entre 4 y 5 a\u00f1os de edad seg\u00fan informaci\u00f3n que  fue confirmada por el Ministerio de Salud.<\/p>\n\n\n\n<p>Los tres primeros casos fueron reportados desde el martes en estudiantes de pre k\u00ednder, dos en la escuela Rep\u00fablica Dominicana de Ant\u00f3n y uno en el Centro Educativo de Llano Mar\u00edn en Penonom\u00e9, el cuarto caso fue reportado este viernes tambi\u00e9n en la escuela de Llano Mar\u00edn  en todos los casos se han aplicado los protocolos de bioseguridad y se ha enviado a los estudiantes a cumplir con las medidas de aislamiento.<\/p>\n\n\n\n<figure class=\"wp-block-image size-large\"><img fetchpriority=\"high\" decoding=\"async\" width=\"1066\" height=\"800\" src=\"https:\/\/mifavorita.com.pa\/2017\/wp-content\/uploads\/2022\/03\/98a4e8a9-45b1-4493-b4f3-bdb994f2fb9f-1-1.jpg\" alt=\"\" class=\"wp-image-4956\" srcset=\"https:\/\/mifavorita.com.pa\/2017\/wp-content\/uploads\/2022\/03\/98a4e8a9-45b1-4493-b4f3-bdb994f2fb9f-1-1.jpg 1066w, https:\/\/mifavorita.com.pa\/2017\/wp-content\/uploads\/2022\/03\/98a4e8a9-45b1-4493-b4f3-bdb994f2fb9f-1-1-300x225.jpg 300w, https:\/\/mifavorita.com.pa\/2017\/wp-content\/uploads\/2022\/03\/98a4e8a9-45b1-4493-b4f3-bdb994f2fb9f-1-1-1024x768.jpg 1024w, https:\/\/mifavorita.com.pa\/2017\/wp-content\/uploads\/2022\/03\/98a4e8a9-45b1-4493-b4f3-bdb994f2fb9f-1-1-768x576.jpg 768w\" sizes=\"(max-width: 1066px) 100vw, 1066px\" \/><\/figure>\n\n\n\n<p>Mario Lozada, director regional del Ministerio de Salud en la provincia de Cocl\u00e9, indic\u00f3 que el caso de la Escuela Rep\u00fablica Dominicana se trata de dos ni\u00f1os de pre k\u00ednder, los que manifestaron s\u00edntomas el martes y fueron llevados por sus padres a los centros de hisopados resultando positivos.<\/p>\n\n\n\n<p>Indic\u00f3 que los an\u00e1lisis del departamento de Salud P\u00fablica y Epidemiolog\u00eda indican que tomando en cuenta los tiempos de incubaci\u00f3n del virus estos casos son comunitarios es decir no se contagiaron en la escuela.<\/p>\n\n\n\n<p>Juan Rodr\u00edguez, director encargado de la Centro Educativo Llano Mar\u00edn, se\u00f1al\u00f3 que en esta escuela el primer caso se report\u00f3 el martes en un ni\u00f1o de pre k\u00ednder y por recomendaci\u00f3n del Minsa se envi\u00f3 a todo el grupo y a su maestra a aislamiento durante 5 d\u00edas, no se report\u00f3 ning\u00fan s\u00edntoma en el resto de los ni\u00f1os del grupo durante la semana, el segundo contagio se report\u00f3 el viernes en un ni\u00f1o de k\u00ednder, por lo que se procedi\u00f3 igual con el aislamiento.<\/p>\n\n\n\n<figure class=\"wp-block-image size-large\"><img decoding=\"async\" width=\"334\" height=\"251\" src=\"https:\/\/mifavorita.com.pa\/2017\/wp-content\/uploads\/2022\/03\/img_0727.jpg\" alt=\"\" class=\"wp-image-4957\" srcset=\"https:\/\/mifavorita.com.pa\/2017\/wp-content\/uploads\/2022\/03\/img_0727.jpg 334w, https:\/\/mifavorita.com.pa\/2017\/wp-content\/uploads\/2022\/03\/img_0727-300x225.jpg 300w\" sizes=\"(max-width: 334px) 100vw, 334px\" \/><\/figure>\n\n\n\n<p>Seg\u00fan Rodr\u00edguez, la escuela cuenta con un protocolo de seguridad y con los insumos y equipos necesarios para estos casos por lo que una vez conocido el primer caso se procedi\u00f3 a la desinfecci\u00f3n del sal\u00f3n de pre k\u00ednder y posteriormente de toda la escuela, lo mismo que se ha hecho durante el fin de semana.<\/p>\n","protected":false},"excerpt":{"rendered":"<p>EDILSA GONZ\u00c1LEZ ROCA Un total de cuatro estudiantes de escuelas primarias de la provincia de Cocl\u00e9 fueron reportados positivos a la Covid-19 durante la primera semana de inicio del a\u00f1o, se trata de ni\u00f1os entre 4 y 5 a\u00f1os de edad seg\u00fan informaci\u00f3n que fue confirmada por el Ministerio de Salud. Los tres primeros casos [&hellip;]<\/p>\n","protected":false},"author":2,"featured_media":4955,"comment_status":"closed","ping_status":"open","sticky":false,"template":"","format":"standard","meta":{"footnotes":""},"categories":[1],"tags":[],"class_list":["post-4958","post","type-post","status-publish","format-standard","has-post-thumbnail","hentry","category-noticias"],"_links":{"self":[{"href":"https:\/\/mifavorita.com.pa\/2017\/wp-json\/wp\/v2\/posts\/4958","targetHints":{"allow":["GET"]}}],"collection":[{"href":"https:\/\/mifavorita.com.pa\/2017\/wp-json\/wp\/v2\/posts"}],"about":[{"href":"https:\/\/mifavorita.com.pa\/2017\/wp-json\/wp\/v2\/types\/post"}],"author":[{"embeddable":true,"href":"https:\/\/mifavorita.com.pa\/2017\/wp-json\/wp\/v2\/users\/2"}],"replies":[{"embeddable":true,"href":"https:\/\/mifavorita.com.pa\/2017\/wp-json\/wp\/v2\/comments?post=4958"}],"version-history":[{"count":1,"href":"https:\/\/mifavorita.com.pa\/2017\/wp-json\/wp\/v2\/posts\/4958\/revisions"}],"predecessor-version":[{"id":4959,"href":"https:\/\/mifavorita.com.pa\/2017\/wp-json\/wp\/v2\/posts\/4958\/revisions\/4959"}],"wp:featuredmedia":[{"embeddable":true,"href":"https:\/\/mifavorita.com.pa\/2017\/wp-json\/wp\/v2\/media\/4955"}],"wp:attachment":[{"href":"https:\/\/mifavorita.com.pa\/2017\/wp-json\/wp\/v2\/media?parent=4958"}],"wp:term":[{"taxonomy":"category","embeddable":true,"href":"https:\/\/mifavorita.com.pa\/2017\/wp-json\/wp\/v2\/categories?post=4958"},{"taxonomy":"post_tag","embeddable":true,"href":"https:\/\/mifavorita.com.pa\/2017\/wp-json\/wp\/v2\/tags?post=4958"}],"curies":[{"name":"wp","href":"https:\/\/api.w.org\/{rel}","templated":true}]}}