{"id":4967,"date":"2022-03-24T22:32:30","date_gmt":"2022-03-24T22:32:30","guid":{"rendered":"https:\/\/mifavorita.com.pa\/2017\/?p=4967"},"modified":"2024-09-26T17:45:47","modified_gmt":"2024-09-26T17:45:47","slug":"reportan-primer-caso-de-hantavirus-en-cocle","status":"publish","type":"post","link":"https:\/\/mifavorita.com.pa\/2017\/reportan-primer-caso-de-hantavirus-en-cocle\/","title":{"rendered":"Reportan primer caso de Hantavirus en Cocl\u00e9"},"content":{"rendered":"\n<p>EDILSA GONZALEZ ROCA<\/p>\n\n\n\n<p><\/p>\n\n\n\n<p>Una mujer de 43 a\u00f1os de edad fue diagnosticada con S\u00edndrome cardiopulmonar por Hantavirus, siendo el primer caso que se registra en el a\u00f1o 2022 en la provincia de Cocl\u00e9, la mujer oriunda de la comunidad de El Olivo, corregimiento de El Ca\u00f1o, distrito de Nat\u00e1, ya se encuentra estable, seg\u00fan informaron las autoridades del Ministerio de Salud en la provincia de Cocl\u00e9.<\/p>\n\n\n\n<p>Mario Lozada, director regional del Minsa, en la provincia de Cocl\u00e9 indic\u00f3 que la se\u00f1ora lleg\u00f3 con s\u00edntomas de la enfermedad al Hospital Rafael Est\u00e9vez de Aguadulce, en donde despu\u00e9s de practic\u00e1rsele las pruebas se determin\u00f3 que se trataba de Hanta por lo que inmediato notificaron al departamento de epidemiolog\u00eda del Minsa.<\/p>\n\n\n\n<p>Agreg\u00f3 que de inmediato se procedi\u00f3 con la intervenci\u00f3n al \u00e1rea de residencia de la afectada, se le dieron las indicaciones correspondientes a sus familiares y se verific\u00f3 el estado de salud del resto de los familiares.<\/p>\n\n\n\n<p>Lozada recomend\u00f3 a la poblaci\u00f3n coclesana en general y especialmente al \u00e1rea del distrito de Nat\u00e1 en donde hist\u00f3ricamente se han reportado m\u00e1s casos de Hanta a seguir las recomendaciones en cuanto a la limpieza de las \u00e1reas cercanas a las casas, evitar almacenar granos sin la debida protecci\u00f3n y evitar regar comida cerca de las viviendas para evitar la entrada por de los ratones portadores de la enfermedad.<\/p>\n\n\n\n<p>En el a\u00f1o 2021 se registraron dos casos en la provincia de Cocl\u00e9 y este es el primer caso del a\u00f1o 2022.<\/p>\n","protected":false},"excerpt":{"rendered":"<p>EDILSA GONZALEZ ROCA Una mujer de 43 a\u00f1os de edad fue diagnosticada con S\u00edndrome cardiopulmonar por Hantavirus, siendo el primer caso que se registra en el a\u00f1o 2022 en la provincia de Cocl\u00e9, la mujer oriunda de la comunidad de El Olivo, corregimiento de El Ca\u00f1o, distrito de Nat\u00e1, ya se encuentra estable, seg\u00fan informaron [&hellip;]<\/p>\n","protected":false},"author":2,"featured_media":4966,"comment_status":"closed","ping_status":"open","sticky":false,"template":"","format":"standard","meta":{"footnotes":""},"categories":[1],"tags":[],"class_list":["post-4967","post","type-post","status-publish","format-standard","has-post-thumbnail","hentry","category-noticias"],"_links":{"self":[{"href":"https:\/\/mifavorita.com.pa\/2017\/wp-json\/wp\/v2\/posts\/4967","targetHints":{"allow":["GET"]}}],"collection":[{"href":"https:\/\/mifavorita.com.pa\/2017\/wp-json\/wp\/v2\/posts"}],"about":[{"href":"https:\/\/mifavorita.com.pa\/2017\/wp-json\/wp\/v2\/types\/post"}],"author":[{"embeddable":true,"href":"https:\/\/mifavorita.com.pa\/2017\/wp-json\/wp\/v2\/users\/2"}],"replies":[{"embeddable":true,"href":"https:\/\/mifavorita.com.pa\/2017\/wp-json\/wp\/v2\/comments?post=4967"}],"version-history":[{"count":2,"href":"https:\/\/mifavorita.com.pa\/2017\/wp-json\/wp\/v2\/posts\/4967\/revisions"}],"predecessor-version":[{"id":13245,"href":"https:\/\/mifavorita.com.pa\/2017\/wp-json\/wp\/v2\/posts\/4967\/revisions\/13245"}],"wp:featuredmedia":[{"embeddable":true,"href":"https:\/\/mifavorita.com.pa\/2017\/wp-json\/wp\/v2\/media\/4966"}],"wp:attachment":[{"href":"https:\/\/mifavorita.com.pa\/2017\/wp-json\/wp\/v2\/media?parent=4967"}],"wp:term":[{"taxonomy":"category","embeddable":true,"href":"https:\/\/mifavorita.com.pa\/2017\/wp-json\/wp\/v2\/categories?post=4967"},{"taxonomy":"post_tag","embeddable":true,"href":"https:\/\/mifavorita.com.pa\/2017\/wp-json\/wp\/v2\/tags?post=4967"}],"curies":[{"name":"wp","href":"https:\/\/api.w.org\/{rel}","templated":true}]}}