{"id":4973,"date":"2022-04-08T20:12:31","date_gmt":"2022-04-08T20:12:31","guid":{"rendered":"https:\/\/mifavorita.com.pa\/2017\/?p=4973"},"modified":"2022-04-08T20:12:32","modified_gmt":"2022-04-08T20:12:32","slug":"director-de-attt-se-reune-con-dirigentes-transportistas","status":"publish","type":"post","link":"https:\/\/mifavorita.com.pa\/2017\/director-de-attt-se-reune-con-dirigentes-transportistas\/","title":{"rendered":"Director de ATTT se re\u00fane con dirigentes transportistas"},"content":{"rendered":"\n<p>EDILSA GONZ\u00c1LEZ ROCA<\/p>\n\n\n\n<p>COCL\u00c9.<\/p>\n\n\n\n<p>Una mesa t\u00e9cnica para analizar los problemas del transporte p\u00fablico principalmente en el \u00e1rea de Penonom\u00e9, ser\u00e1 instalada a finales del mes de abril en ella se analizar\u00e1n temas como el ordenamiento de las rutas, tarifas, pirater\u00eda, permisos provisionales e incumplimiento de recorridos, as\u00ed lo inform\u00f3 el director nacional de la Autoridad de Tr\u00e1nsito y Transporte Terrestre, Carlos Ordo\u00f1ez, quien este viernes se reuni\u00f3 con dirigentes transportistas del \u00e1rea.<\/p>\n\n\n\n<figure class=\"wp-block-image size-large\"><img fetchpriority=\"high\" decoding=\"async\" width=\"1156\" height=\"651\" src=\"https:\/\/mifavorita.com.pa\/2017\/wp-content\/uploads\/2022\/04\/640f62e5-40a6-4263-b7c5-34ea86b34ae7.jpg\" alt=\"\" class=\"wp-image-4972\" srcset=\"https:\/\/mifavorita.com.pa\/2017\/wp-content\/uploads\/2022\/04\/640f62e5-40a6-4263-b7c5-34ea86b34ae7.jpg 1156w, https:\/\/mifavorita.com.pa\/2017\/wp-content\/uploads\/2022\/04\/640f62e5-40a6-4263-b7c5-34ea86b34ae7-300x169.jpg 300w, https:\/\/mifavorita.com.pa\/2017\/wp-content\/uploads\/2022\/04\/640f62e5-40a6-4263-b7c5-34ea86b34ae7-1024x577.jpg 1024w, https:\/\/mifavorita.com.pa\/2017\/wp-content\/uploads\/2022\/04\/640f62e5-40a6-4263-b7c5-34ea86b34ae7-768x432.jpg 768w\" sizes=\"(max-width: 1156px) 100vw, 1156px\" \/><\/figure>\n\n\n\n<p>En la reuni\u00f3n se explicaron los acuerdos de la mesa del di\u00e1logo en cuanto a la distribuci\u00f3n del combustible y los 8 millones de subsidio, que seg\u00fan el director adem\u00e1s de ayudar a los transportistas tiene como prop\u00f3sito evitar aumentos en las tarifas y eso se le dej\u00f3 claro a los transportistas pues el momento en el que estamos no est\u00e1 para aumentos, dijo Ordo\u00f1ez.<\/p>\n\n\n\n<p>Seg\u00fan el director, un equipo t\u00e9cnico de la ATTT visitar\u00e1 la provincia para hacer los estudios de los recorridos y proceder a ordenar las rutas que era una de las inquietudes de los transportistas, agreg\u00f3 que el tema de los permisos estaba sin control, por lo que se est\u00e1 regulando.<\/p>\n\n\n\n<figure class=\"wp-block-image size-large\"><img decoding=\"async\" width=\"651\" height=\"1156\" src=\"https:\/\/mifavorita.com.pa\/2017\/wp-content\/uploads\/2022\/04\/48fbfdc1-0592-4fb5-895c-b62d38101ea4.jpg\" alt=\"\" class=\"wp-image-4970\" srcset=\"https:\/\/mifavorita.com.pa\/2017\/wp-content\/uploads\/2022\/04\/48fbfdc1-0592-4fb5-895c-b62d38101ea4.jpg 651w, https:\/\/mifavorita.com.pa\/2017\/wp-content\/uploads\/2022\/04\/48fbfdc1-0592-4fb5-895c-b62d38101ea4-169x300.jpg 169w, https:\/\/mifavorita.com.pa\/2017\/wp-content\/uploads\/2022\/04\/48fbfdc1-0592-4fb5-895c-b62d38101ea4-577x1024.jpg 577w\" sizes=\"(max-width: 651px) 100vw, 651px\" \/><\/figure>\n\n\n\n<p>Manifest\u00f3 que para sacar permisos provisionales ahora se tienen que cumplir una serie de requisitos y en el caso de los permisos por da\u00f1os mec\u00e1nicos solo tendr\u00e1n vigencia por tres meses, puesto que existen casos de veh\u00edculos que tienen dos a\u00f1os con permisos por da\u00f1os mec\u00e1nicos y eso no puede ser y no se va a permitir m\u00e1s.<\/p>\n\n\n\n<p>Al ser cuestionado sobre las quejas de los usuarios y si estar\u00e1n representados en esa mesa t\u00e9cnica el director asegur\u00f3 que una vez se instale la mesa t\u00e9cnica se analizar\u00e1n todos estos temas y se decidir\u00e1 tambi\u00e9n quienes pueden participar en la mesa de di\u00e1logo que busca mejorar el servicio de transporte en Penonom\u00e9.<\/p>\n\n\n\n<p>Fue enf\u00e1tico al indicar que en este momento no se puede subir la tarifa del transporte y tampoco realizar estudios sobre cambios de tarifa porque se est\u00e1 en un proceso de recuperaci\u00f3n de la pandemia y adem\u00e1s los efectos de la guerra inciden en los costos por lo que el esfuerzo que est\u00e1 haciendo el gobierno para ayudar el transporte es precisamente para que no haya aumentos.<\/p>\n","protected":false},"excerpt":{"rendered":"<p>EDILSA GONZ\u00c1LEZ ROCA COCL\u00c9. Una mesa t\u00e9cnica para analizar los problemas del transporte p\u00fablico principalmente en el \u00e1rea de Penonom\u00e9, ser\u00e1 instalada a finales del mes de abril en ella se analizar\u00e1n temas como el ordenamiento de las rutas, tarifas, pirater\u00eda, permisos provisionales e incumplimiento de recorridos, as\u00ed lo inform\u00f3 el director nacional de la [&hellip;]<\/p>\n","protected":false},"author":2,"featured_media":4969,"comment_status":"closed","ping_status":"open","sticky":false,"template":"","format":"standard","meta":{"footnotes":""},"categories":[1],"tags":[],"class_list":["post-4973","post","type-post","status-publish","format-standard","has-post-thumbnail","hentry","category-noticias"],"_links":{"self":[{"href":"https:\/\/mifavorita.com.pa\/2017\/wp-json\/wp\/v2\/posts\/4973","targetHints":{"allow":["GET"]}}],"collection":[{"href":"https:\/\/mifavorita.com.pa\/2017\/wp-json\/wp\/v2\/posts"}],"about":[{"href":"https:\/\/mifavorita.com.pa\/2017\/wp-json\/wp\/v2\/types\/post"}],"author":[{"embeddable":true,"href":"https:\/\/mifavorita.com.pa\/2017\/wp-json\/wp\/v2\/users\/2"}],"replies":[{"embeddable":true,"href":"https:\/\/mifavorita.com.pa\/2017\/wp-json\/wp\/v2\/comments?post=4973"}],"version-history":[{"count":1,"href":"https:\/\/mifavorita.com.pa\/2017\/wp-json\/wp\/v2\/posts\/4973\/revisions"}],"predecessor-version":[{"id":4974,"href":"https:\/\/mifavorita.com.pa\/2017\/wp-json\/wp\/v2\/posts\/4973\/revisions\/4974"}],"wp:featuredmedia":[{"embeddable":true,"href":"https:\/\/mifavorita.com.pa\/2017\/wp-json\/wp\/v2\/media\/4969"}],"wp:attachment":[{"href":"https:\/\/mifavorita.com.pa\/2017\/wp-json\/wp\/v2\/media?parent=4973"}],"wp:term":[{"taxonomy":"category","embeddable":true,"href":"https:\/\/mifavorita.com.pa\/2017\/wp-json\/wp\/v2\/categories?post=4973"},{"taxonomy":"post_tag","embeddable":true,"href":"https:\/\/mifavorita.com.pa\/2017\/wp-json\/wp\/v2\/tags?post=4973"}],"curies":[{"name":"wp","href":"https:\/\/api.w.org\/{rel}","templated":true}]}}