{"id":498,"date":"2017-06-09T13:50:23","date_gmt":"2017-06-09T13:50:23","guid":{"rendered":"http:\/\/mifavorita.com.pa\/2017\/?p=498"},"modified":"2017-06-09T13:50:23","modified_gmt":"2017-06-09T13:50:23","slug":"homenaje-a-martina-andrion-en-su-natalicio","status":"publish","type":"post","link":"https:\/\/mifavorita.com.pa\/2017\/homenaje-a-martina-andrion-en-su-natalicio\/","title":{"rendered":"Homenaje a Martina Andri\u00f3n en su Natalicio"},"content":{"rendered":"<p class=\"m_-7986587490874232362gmail-MsoBodyText\"><span lang=\"ES\">Hoy viernes 9 de junio se cumplen 110 a\u00f1os del natalicia de Martina Andri\u00f3n, destacada poeta y compositora penonome\u00f1a, que naci\u00f3 en esta ciudad el 9 de junio de 1907. <\/span><\/p>\n<p class=\"m_-7986587490874232362gmail-MsoBodyText\"><span lang=\"ES\">Hizo all\u00ed sus estudios primarios, dedic\u00e1ndose desde muy joven a la noble labor de la ense\u00f1anza en la Escuela de Churuquita Chiquita, en donde estuvo trabajando durante 4 a\u00f1os. Viendo la necesidad de adelantar sus estudios\u00a0fue\u00a0a Panam\u00e1 e hizo su secundaria en el Instituto J. Arosemena. Regres\u00f3 entonces a su labor de Maestra en la Escuela de Sofr\u00e9 y posteriormente pas\u00f3 a la Escuela Santa Rita de Ant\u00f3n.<\/span><\/p>\n<p class=\"m_-7986587490874232362gmail-MsoBodyText\"><span lang=\"ES\">Desde muy ni\u00f1a sinti\u00f3 inclinaci\u00f3n por hacer poes\u00edas. En 1944 el educador Efra\u00edn Carles public\u00f3 un folleto con el nombre de \u201cMis violetas\u201d donde reuni\u00f3 muchos de sus versos. <\/span><\/p>\n<p class=\"m_-7986587490874232362gmail-MsoBodyText\"><span lang=\"ES\">En este mismo a\u00f1o (finalizando la II Guerra Mundial), los diarios Mundo Gr\u00e1fico y La Estrella publicaron su oraci\u00f3n por la paz. <\/span><\/p>\n<p class=\"m_-7986587490874232362gmail-MsoBodyText\"><span lang=\"ES\">Comenz\u00f3 entonces a ponerle m\u00fasica a sus poes\u00edas y as\u00ed nacieron cerca de un centenar de canciones e himnos escolares, entre ellas est\u00e1n: \u201cPanam\u00e1 m\u00edo\u201d (bolero), \u201cSofr\u00e9\u201d y \u201cLa flor del esp\u00edritu santo\u201d (pasillos) y su canci\u00f3n m\u00e1s conocida, el bolero \u201cGuacamaya\u201d, \u00a0escrito en 1962 y que casi es un himno para los penonome\u00f1os de hecho es la canci\u00f3n que cierra los d\u00edas de mojadera en el famoso Barrio de San Antonio o El Manguito.<\/span><\/p>\n<audio class=\"wp-audio-shortcode\" id=\"audio-498-1\" preload=\"none\" style=\"width: 100%;\" controls=\"controls\"><source type=\"audio\/mpeg\" src=\"http:\/\/mifavorita.com.pa\/2017\/wp-content\/uploads\/2017\/06\/CAPSULA-DE-CULTURA-7-DE-JUNIO.mp3?_=1\" \/><a href=\"http:\/\/mifavorita.com.pa\/2017\/wp-content\/uploads\/2017\/06\/CAPSULA-DE-CULTURA-7-DE-JUNIO.mp3\">http:\/\/mifavorita.com.pa\/2017\/wp-content\/uploads\/2017\/06\/CAPSULA-DE-CULTURA-7-DE-JUNIO.mp3<\/a><\/audio>\n<p><strong>Audio.<\/strong> <em>Reportaje Martina Andri\u00f3n<\/em><\/p>\n","protected":false},"excerpt":{"rendered":"<p>Hoy viernes 9 de junio se cumplen 110 a\u00f1os del natalicia de Martina Andri\u00f3n, destacada poeta y compositora penonome\u00f1a, que naci\u00f3 en esta ciudad el 9 de junio de 1907. Hizo all\u00ed sus estudios primarios, dedic\u00e1ndose desde muy joven a la noble labor de la ense\u00f1anza en la Escuela de Churuquita Chiquita, en donde estuvo [&hellip;]<\/p>\n","protected":false},"author":3,"featured_media":500,"comment_status":"closed","ping_status":"open","sticky":false,"template":"","format":"standard","meta":{"footnotes":""},"categories":[1],"tags":[],"class_list":["post-498","post","type-post","status-publish","format-standard","has-post-thumbnail","hentry","category-noticias"],"_links":{"self":[{"href":"https:\/\/mifavorita.com.pa\/2017\/wp-json\/wp\/v2\/posts\/498","targetHints":{"allow":["GET"]}}],"collection":[{"href":"https:\/\/mifavorita.com.pa\/2017\/wp-json\/wp\/v2\/posts"}],"about":[{"href":"https:\/\/mifavorita.com.pa\/2017\/wp-json\/wp\/v2\/types\/post"}],"author":[{"embeddable":true,"href":"https:\/\/mifavorita.com.pa\/2017\/wp-json\/wp\/v2\/users\/3"}],"replies":[{"embeddable":true,"href":"https:\/\/mifavorita.com.pa\/2017\/wp-json\/wp\/v2\/comments?post=498"}],"version-history":[{"count":1,"href":"https:\/\/mifavorita.com.pa\/2017\/wp-json\/wp\/v2\/posts\/498\/revisions"}],"predecessor-version":[{"id":501,"href":"https:\/\/mifavorita.com.pa\/2017\/wp-json\/wp\/v2\/posts\/498\/revisions\/501"}],"wp:featuredmedia":[{"embeddable":true,"href":"https:\/\/mifavorita.com.pa\/2017\/wp-json\/wp\/v2\/media\/500"}],"wp:attachment":[{"href":"https:\/\/mifavorita.com.pa\/2017\/wp-json\/wp\/v2\/media?parent=498"}],"wp:term":[{"taxonomy":"category","embeddable":true,"href":"https:\/\/mifavorita.com.pa\/2017\/wp-json\/wp\/v2\/categories?post=498"},{"taxonomy":"post_tag","embeddable":true,"href":"https:\/\/mifavorita.com.pa\/2017\/wp-json\/wp\/v2\/tags?post=498"}],"curies":[{"name":"wp","href":"https:\/\/api.w.org\/{rel}","templated":true}]}}