{"id":502,"date":"2017-06-13T14:02:32","date_gmt":"2017-06-13T14:02:32","guid":{"rendered":"http:\/\/mifavorita.com.pa\/2017\/?p=502"},"modified":"2017-06-13T14:02:32","modified_gmt":"2017-06-13T14:02:32","slug":"felicidades-a-la-gran-familia-angelina-en-sus-75-anos","status":"publish","type":"post","link":"https:\/\/mifavorita.com.pa\/2017\/felicidades-a-la-gran-familia-angelina-en-sus-75-anos\/","title":{"rendered":"FELICIDADES A LA GRAN FAMILIA ANGELINA EN SUS 75 A\u00d1OS"},"content":{"rendered":"<p>RESE\u00d1A HIST\u00d3RICA DE LA ESCUELA SECUNDARIA ANGEL MARIA HERRERA<\/p>\n<p>La Escuela Angel Mar\u00eda Herrera es hoy en d\u00eda, uno de los primeros pilares de la educaci\u00f3n coclesana, y por ende contribuye a las glorias de nuestra educaci\u00f3n nacional. El que exista, es el resultado de la lucha de muchos idearios, forjadores de lo que antes s\u00f3lo era un sue\u00f1o.<\/p>\n<p>Luego de expuestas las inquietudes por parte de habitantes de la comunidad, el gobierno nacional dirigido en ese entonces por el excelent\u00edsimo Se\u00f1or Presidente Ricardo Adolfo de la Guardia, dio apertura al Primer Ciclo Secundario de Penonom\u00e9, convirti\u00e9ndose \u00e9ste en el primer eslab\u00f3n de lo que en un futuro ser\u00eda el baluarte de la cultura.<\/p>\n<p>La labor fue ardua, pues las condiciones y los recursos a la disposici\u00f3n no eran los m\u00e1s adecuados y se trabaja con lo que hubiese disponible; es decir hab\u00eda que hacer de poco, mucho, pero exist\u00eda toda la disposici\u00f3n y la entrega de grandes maestros.<\/p>\n<p>La escuela confront\u00f3 muchas dificultades y as\u00ed sus edificios variaron, aspirando condiciones que mejoraran el ambiente educacional de esta instituci\u00f3n. Inici\u00f3 sus labores en la casa cedida por la familia Conte Oca\u00f1a, ubicada en la Avenida Juan Dem\u00f3stenes Arosemena. Luego ocup\u00f3 la casa de la familia Almill\u00e1tegui-Neira, ubicada al lado del Palacio Municipal; posteriormente, los nuevos edificios inaugurados en 1953 bajo la administraci\u00f3n del Coronel Jos\u00e9 Antonio Rem\u00f3n Cantera, en la Avenida H\u00e9ctor Conte Berm\u00fadez, all\u00ed se estableci\u00f3 el moderno pabell\u00f3n, bajo la administraci\u00f3n de Do\u00f1a Blanca Carles de Kravcio.<\/p>\n<p>El 30 de noviembre de 1955, expedida la ley N\u00ba 79, de honr\u00f3 la memoria del gran maestro Angel Mar\u00eda Herrera dando su nombre al Primer Ciclo Penonom\u00e9.<\/p>\n<p>En 1956 se jubil\u00f3 Do\u00f1a Blanca Carles de Kravcio y entr\u00f3 a regir los destinos del plantel el profesor Olmedo Domingo Oberto. Durante su gesti\u00f3n administrativa se cre\u00f3 un Segundo Ciclo Secundario, que por decreto N\u00ba 56 del 29 de abril de 1959 se establece definitivamente con el nombre de Escuela Secundaria Angel Mar\u00eda Herrera. Este mismo a\u00f1o se inici\u00f3 el Bachillerato en Ciencias, formador de un estudiante con amplios horizontes cr\u00edticos. La primera graduaci\u00f3n en 1962 dio como cosecha 15 estudiantes, con grandes deseos de seguir aprendiendo.<\/p>\n<p>En 1967, debido a la demanda estudiantil, se crea el Bachillerato en Letras y en 1969, se grad\u00faan 16 estudiantes. Como otro de los grandes logros en bien de la educaci\u00f3n, en 1985 se inicia la secci\u00f3n de Bachillerato en Comercio.<\/p>\n<p>Son innumerables los educadores y los estudiantes que han engrandecido nuestro plantel. La atinada administraci\u00f3n de directores que con mucho esfuerzo han sabido llevar las riendas de nuestra Instituci\u00f3n y, a trav\u00e9s del tiempo, hacer de ella lo que hoy es: uno de los faros que ilumina la mente de los j\u00f3venes. Todos hemos contribuido para que en la actualidad , con gran benepl\u00e1cito, celebremos 75 a\u00f1os de loable labor educativa. Es la ocasi\u00f3n propicia para citar las c\u00e9lebres palabras del gran maestro Don Angel Mar\u00eda Herrera, cuando expres\u00f3: \u00abENSE\u00d1AR ES, DAR LUZ Y SABIDUR\u00cdA A LAS MENTES.\u00bb<\/p>\n","protected":false},"excerpt":{"rendered":"<p>RESE\u00d1A HIST\u00d3RICA DE LA ESCUELA SECUNDARIA ANGEL MARIA HERRERA La Escuela Angel Mar\u00eda Herrera es hoy en d\u00eda, uno de los primeros pilares de la educaci\u00f3n coclesana, y por ende contribuye a las glorias de nuestra educaci\u00f3n nacional. El que exista, es el resultado de la lucha de muchos idearios, forjadores de lo que antes [&hellip;]<\/p>\n","protected":false},"author":3,"featured_media":503,"comment_status":"closed","ping_status":"open","sticky":false,"template":"","format":"standard","meta":{"footnotes":""},"categories":[1],"tags":[],"class_list":["post-502","post","type-post","status-publish","format-standard","has-post-thumbnail","hentry","category-noticias"],"_links":{"self":[{"href":"https:\/\/mifavorita.com.pa\/2017\/wp-json\/wp\/v2\/posts\/502","targetHints":{"allow":["GET"]}}],"collection":[{"href":"https:\/\/mifavorita.com.pa\/2017\/wp-json\/wp\/v2\/posts"}],"about":[{"href":"https:\/\/mifavorita.com.pa\/2017\/wp-json\/wp\/v2\/types\/post"}],"author":[{"embeddable":true,"href":"https:\/\/mifavorita.com.pa\/2017\/wp-json\/wp\/v2\/users\/3"}],"replies":[{"embeddable":true,"href":"https:\/\/mifavorita.com.pa\/2017\/wp-json\/wp\/v2\/comments?post=502"}],"version-history":[{"count":1,"href":"https:\/\/mifavorita.com.pa\/2017\/wp-json\/wp\/v2\/posts\/502\/revisions"}],"predecessor-version":[{"id":504,"href":"https:\/\/mifavorita.com.pa\/2017\/wp-json\/wp\/v2\/posts\/502\/revisions\/504"}],"wp:featuredmedia":[{"embeddable":true,"href":"https:\/\/mifavorita.com.pa\/2017\/wp-json\/wp\/v2\/media\/503"}],"wp:attachment":[{"href":"https:\/\/mifavorita.com.pa\/2017\/wp-json\/wp\/v2\/media?parent=502"}],"wp:term":[{"taxonomy":"category","embeddable":true,"href":"https:\/\/mifavorita.com.pa\/2017\/wp-json\/wp\/v2\/categories?post=502"},{"taxonomy":"post_tag","embeddable":true,"href":"https:\/\/mifavorita.com.pa\/2017\/wp-json\/wp\/v2\/tags?post=502"}],"curies":[{"name":"wp","href":"https:\/\/api.w.org\/{rel}","templated":true}]}}