{"id":505,"date":"2017-06-13T21:16:07","date_gmt":"2017-06-13T21:16:07","guid":{"rendered":"http:\/\/mifavorita.com.pa\/2017\/?p=505"},"modified":"2017-06-13T21:16:07","modified_gmt":"2017-06-13T21:16:07","slug":"angelinos-celebran-en-grande-sus-75-anos","status":"publish","type":"post","link":"https:\/\/mifavorita.com.pa\/2017\/angelinos-celebran-en-grande-sus-75-anos\/","title":{"rendered":"Angelinos celebran en grande sus 75 a\u00f1os"},"content":{"rendered":"<p><strong><em>EDILSA GONZALEZ ROCA<\/em><\/strong><\/p>\n<p><strong><em>COCL\u00c9.<\/em><\/strong><\/p>\n<p>M\u00e1s de una treintena de ex alumnos, ya jubilados algunos de los cuales tambi\u00e9n fueron alumnos y docentes en la Escuela Secundaria \u00e4ngel Mar\u00eda Herrera de Penonom\u00e9 se re-encontraron ayer con sus recuerdos en la celebraci\u00f3n de las Bodas de Brillantes del \u00c1ngel Mar\u00eda Herrera.<\/p>\n<p><img fetchpriority=\"high\" decoding=\"async\" class=\"alignnone size-medium wp-image-508\" src=\"http:\/\/mifavorita.com.pa\/2017\/wp-content\/uploads\/2017\/06\/IMG_8286-300x300.jpg\" alt=\"\" width=\"300\" height=\"300\" srcset=\"https:\/\/mifavorita.com.pa\/2017\/wp-content\/uploads\/2017\/06\/IMG_8286-300x300.jpg 300w, https:\/\/mifavorita.com.pa\/2017\/wp-content\/uploads\/2017\/06\/IMG_8286-150x150.jpg 150w, https:\/\/mifavorita.com.pa\/2017\/wp-content\/uploads\/2017\/06\/IMG_8286-768x768.jpg 768w, https:\/\/mifavorita.com.pa\/2017\/wp-content\/uploads\/2017\/06\/IMG_8286-1024x1024.jpg 1024w, https:\/\/mifavorita.com.pa\/2017\/wp-content\/uploads\/2017\/06\/IMG_8286-640x640.jpg 640w\" sizes=\"(max-width: 300px) 100vw, 300px\" \/><\/p>\n<p>El acto realizado este 13 de junio en el gimnasio del colegio, estuvo cargado de emociones y recuerdos, sobre todo por el reconocimiento y participaci\u00f3n de quienes fueran los primeros estudiantes cuando se cre\u00f3 el Primer Ciclo Penonom\u00e9, los exdirectores, los estudiantes distinguidos a trav\u00e9s de generaciones y los ganadores de premios y la Medalla de la Cultura<\/p>\n<p><img decoding=\"async\" class=\"alignnone size-medium wp-image-507\" src=\"http:\/\/mifavorita.com.pa\/2017\/wp-content\/uploads\/2017\/06\/IMG_8279-300x300.jpg\" alt=\"\" width=\"300\" height=\"300\" srcset=\"https:\/\/mifavorita.com.pa\/2017\/wp-content\/uploads\/2017\/06\/IMG_8279-300x300.jpg 300w, https:\/\/mifavorita.com.pa\/2017\/wp-content\/uploads\/2017\/06\/IMG_8279-150x150.jpg 150w, https:\/\/mifavorita.com.pa\/2017\/wp-content\/uploads\/2017\/06\/IMG_8279-768x768.jpg 768w, https:\/\/mifavorita.com.pa\/2017\/wp-content\/uploads\/2017\/06\/IMG_8279-1024x1024.jpg 1024w, https:\/\/mifavorita.com.pa\/2017\/wp-content\/uploads\/2017\/06\/IMG_8279-640x640.jpg 640w\" sizes=\"(max-width: 300px) 100vw, 300px\" \/><\/p>\n<p><strong>Fotos.<\/strong> <em>Ex alumnos presentes en el acto de los 75 a\u00f1os de aniversario realizado en el plantel<\/em><\/p>\n<p>Le correspondi\u00f3 la Magister Donatila de Ayala pasar por la rese\u00f1a hist\u00f3rica del plantel destacando la figura de Don \u00c1ngel Mar\u00eda Herrera, de la primera directora Leonila Pinz\u00f3n de Grimaldo y la importancia de Blanca de Kraccio bajo cuya direcci\u00f3n se construy\u00f3 el primer pabell\u00f3n.<\/p>\n<p>Lesbia Liao de Villarreal, \u00a0destac\u00f3 los logros alcanzados por la instituci\u00f3n y sus estudiantes a los largo de 75 a\u00f1os, resaltando el hecho de que la gran mayor\u00eda de sus estudiantes han logrado destacar a nivel nacional e internacional en distintas profesiones.<\/p>\n<p><img decoding=\"async\" class=\"wp-image-509 alignleft\" src=\"http:\/\/mifavorita.com.pa\/2017\/wp-content\/uploads\/2017\/06\/IMG_8319-169x300.jpg\" alt=\"\" width=\"185\" height=\"328\" srcset=\"https:\/\/mifavorita.com.pa\/2017\/wp-content\/uploads\/2017\/06\/IMG_8319-169x300.jpg 169w, https:\/\/mifavorita.com.pa\/2017\/wp-content\/uploads\/2017\/06\/IMG_8319-768x1367.jpg 768w, https:\/\/mifavorita.com.pa\/2017\/wp-content\/uploads\/2017\/06\/IMG_8319-575x1024.jpg 575w\" sizes=\"(max-width: 185px) 100vw, 185px\" \/><\/p>\n<p>&nbsp;<\/p>\n<p>&nbsp;<\/p>\n<p>&nbsp;<\/p>\n<p>&nbsp;<\/p>\n<p>&nbsp;<\/p>\n<p>&nbsp;<\/p>\n<p>&nbsp;<\/p>\n<p>&nbsp;<\/p>\n<p>&nbsp;<\/p>\n<p>\u00c1ngel Pascual, Reina del septuag\u00e9simo aniversario del \u00c1ngel Mar\u00eda Herrera, invit\u00f3 a todos los penonome\u00f1os, los angelinos y al pa\u00eds a participar del resto de las actividades que seguir\u00e1n toda esta semana y al Gran Desfile de Egresados, que se realizar\u00e1 el s\u00e1bado 17 a las 40 de la tarde.<\/p>\n<p><img loading=\"lazy\" decoding=\"async\" class=\"alignnone size-medium wp-image-506\" src=\"http:\/\/mifavorita.com.pa\/2017\/wp-content\/uploads\/2017\/06\/IMG_8276-300x300.jpg\" alt=\"\" width=\"300\" height=\"300\" srcset=\"https:\/\/mifavorita.com.pa\/2017\/wp-content\/uploads\/2017\/06\/IMG_8276-300x300.jpg 300w, https:\/\/mifavorita.com.pa\/2017\/wp-content\/uploads\/2017\/06\/IMG_8276-150x150.jpg 150w, https:\/\/mifavorita.com.pa\/2017\/wp-content\/uploads\/2017\/06\/IMG_8276-768x768.jpg 768w, https:\/\/mifavorita.com.pa\/2017\/wp-content\/uploads\/2017\/06\/IMG_8276-1024x1024.jpg 1024w, https:\/\/mifavorita.com.pa\/2017\/wp-content\/uploads\/2017\/06\/IMG_8276-640x640.jpg 640w\" sizes=\"(max-width: 300px) 100vw, 300px\" \/><\/p>\n<p><strong>Foto.<\/strong> A<em>utoridades locales presente en este acto.<\/em><\/p>\n<p>&nbsp;<\/p>\n<p><strong>REPORTAJE\u00a0 75 A\u00d1OS DE ANIVERSARIO.<\/strong> <em>Dale Clic para escucharlo<\/em>.<\/p>\n<audio class=\"wp-audio-shortcode\" id=\"audio-505-1\" preload=\"none\" style=\"width: 100%;\" controls=\"controls\"><source type=\"audio\/mpeg\" src=\"http:\/\/mifavorita.com.pa\/2017\/wp-content\/uploads\/2017\/06\/REPORTAJE-75-AMH.mp3?_=1\" \/><a href=\"http:\/\/mifavorita.com.pa\/2017\/wp-content\/uploads\/2017\/06\/REPORTAJE-75-AMH.mp3\">http:\/\/mifavorita.com.pa\/2017\/wp-content\/uploads\/2017\/06\/REPORTAJE-75-AMH.mp3<\/a><\/audio>\n<p>&nbsp;<\/p>\n<p>&nbsp;<\/p>\n<p>&nbsp;<\/p>\n<p>&nbsp;<\/p>\n","protected":false},"excerpt":{"rendered":"<p>EDILSA GONZALEZ ROCA COCL\u00c9. M\u00e1s de una treintena de ex alumnos, ya jubilados algunos de los cuales tambi\u00e9n fueron alumnos y docentes en la Escuela Secundaria \u00e4ngel Mar\u00eda Herrera de Penonom\u00e9 se re-encontraron ayer con sus recuerdos en la celebraci\u00f3n de las Bodas de Brillantes del \u00c1ngel Mar\u00eda Herrera. El acto realizado este 13 de [&hellip;]<\/p>\n","protected":false},"author":3,"featured_media":508,"comment_status":"closed","ping_status":"open","sticky":false,"template":"","format":"standard","meta":{"footnotes":""},"categories":[1],"tags":[],"class_list":["post-505","post","type-post","status-publish","format-standard","has-post-thumbnail","hentry","category-noticias"],"_links":{"self":[{"href":"https:\/\/mifavorita.com.pa\/2017\/wp-json\/wp\/v2\/posts\/505","targetHints":{"allow":["GET"]}}],"collection":[{"href":"https:\/\/mifavorita.com.pa\/2017\/wp-json\/wp\/v2\/posts"}],"about":[{"href":"https:\/\/mifavorita.com.pa\/2017\/wp-json\/wp\/v2\/types\/post"}],"author":[{"embeddable":true,"href":"https:\/\/mifavorita.com.pa\/2017\/wp-json\/wp\/v2\/users\/3"}],"replies":[{"embeddable":true,"href":"https:\/\/mifavorita.com.pa\/2017\/wp-json\/wp\/v2\/comments?post=505"}],"version-history":[{"count":6,"href":"https:\/\/mifavorita.com.pa\/2017\/wp-json\/wp\/v2\/posts\/505\/revisions"}],"predecessor-version":[{"id":517,"href":"https:\/\/mifavorita.com.pa\/2017\/wp-json\/wp\/v2\/posts\/505\/revisions\/517"}],"wp:featuredmedia":[{"embeddable":true,"href":"https:\/\/mifavorita.com.pa\/2017\/wp-json\/wp\/v2\/media\/508"}],"wp:attachment":[{"href":"https:\/\/mifavorita.com.pa\/2017\/wp-json\/wp\/v2\/media?parent=505"}],"wp:term":[{"taxonomy":"category","embeddable":true,"href":"https:\/\/mifavorita.com.pa\/2017\/wp-json\/wp\/v2\/categories?post=505"},{"taxonomy":"post_tag","embeddable":true,"href":"https:\/\/mifavorita.com.pa\/2017\/wp-json\/wp\/v2\/tags?post=505"}],"curies":[{"name":"wp","href":"https:\/\/api.w.org\/{rel}","templated":true}]}}