{"id":5091,"date":"2022-05-16T12:14:57","date_gmt":"2022-05-16T12:14:57","guid":{"rendered":"https:\/\/mifavorita.com.pa\/2017\/?p=5091"},"modified":"2022-05-16T12:15:26","modified_gmt":"2022-05-16T12:15:26","slug":"homicido-en-mercado-publico-de-penonome","status":"publish","type":"post","link":"https:\/\/mifavorita.com.pa\/2017\/homicido-en-mercado-publico-de-penonome\/","title":{"rendered":"HOMICIDO EN MERCADO PUBLICO DE PENONOM\u00c9"},"content":{"rendered":"\n<p>EDILSA GONZ\u00c1LEZ ROCA <\/p>\n\n\n\n<p>Manuel Antonio M\u00e1rquez Aguilar de 45 a\u00f1os de edad fue asesinado la noche de este s\u00e1bado 14 de mayo en las cercan\u00edas del Mercado P\u00fablico de Penonom\u00e9.<\/p>\n\n\n\n<p><br>Reportes extraoficiales indican que el homicidio se gener\u00f3 producto de una ri\u00f1a en la que M\u00e1rquez recibi\u00f3 varias pu\u00f1aladas que le causaron la muerte casi instant\u00e1neamente.<br>Su supuesto agresor de unos 27 a\u00f1os de edad y residente en Penonom\u00e9 fue aprehendido por la Polic\u00eda Nacional y puesto a \u00f3rdenes del Ministerio P\u00fablico para que una vez recabados los indicios que le vinculen al hecho sea puesto a \u00f3rdenes de un juez de garant\u00edas, para las audiencias de control.<\/p>\n\n\n\n<p><br>Para los penonome\u00f1os lo ocurrido la noche del s\u00e1bado es la cr\u00f3nica de una muerte anunciada, que vienen denunciando desde hace meses por la presencia permanente de personas libando licor, en estado de ebriedad, durmiendo en los portales y bancas de comercios, las constantes ri\u00f1as, insultos y palabras obscenas y micro tr\u00e1fico y hasta prostituci\u00f3n del que las autoridades parecen no hacerse eco y buscar una soluci\u00f3n a este grave problema social.<\/p>\n\n\n\n<figure class=\"wp-block-image size-large\"><img fetchpriority=\"high\" decoding=\"async\" width=\"1599\" height=\"899\" src=\"https:\/\/mifavorita.com.pa\/2017\/wp-content\/uploads\/2022\/05\/42e661ea-c2cd-46f8-91a4-0307de965e0d.jpg\" alt=\"\" class=\"wp-image-5090\" srcset=\"https:\/\/mifavorita.com.pa\/2017\/wp-content\/uploads\/2022\/05\/42e661ea-c2cd-46f8-91a4-0307de965e0d.jpg 1599w, https:\/\/mifavorita.com.pa\/2017\/wp-content\/uploads\/2022\/05\/42e661ea-c2cd-46f8-91a4-0307de965e0d-300x169.jpg 300w, https:\/\/mifavorita.com.pa\/2017\/wp-content\/uploads\/2022\/05\/42e661ea-c2cd-46f8-91a4-0307de965e0d-1024x576.jpg 1024w, https:\/\/mifavorita.com.pa\/2017\/wp-content\/uploads\/2022\/05\/42e661ea-c2cd-46f8-91a4-0307de965e0d-768x432.jpg 768w, https:\/\/mifavorita.com.pa\/2017\/wp-content\/uploads\/2022\/05\/42e661ea-c2cd-46f8-91a4-0307de965e0d-1536x864.jpg 1536w, https:\/\/mifavorita.com.pa\/2017\/wp-content\/uploads\/2022\/05\/42e661ea-c2cd-46f8-91a4-0307de965e0d-1200x675.jpg 1200w\" sizes=\"(max-width: 1599px) 100vw, 1599px\" \/><\/figure>\n\n\n\n<p><br>La situaci\u00f3n de violencia ante los \u00faltimos hechos registrados en la provincia de Cocl\u00e9, preocupa a los coclesanos que piden mayor vigilancia policial principalmente en horas de noche.<\/p>\n","protected":false},"excerpt":{"rendered":"<p>EDILSA GONZ\u00c1LEZ ROCA Manuel Antonio M\u00e1rquez Aguilar de 45 a\u00f1os de edad fue asesinado la noche de este s\u00e1bado 14 de mayo en las cercan\u00edas del Mercado P\u00fablico de Penonom\u00e9. Reportes extraoficiales indican que el homicidio se gener\u00f3 producto de una ri\u00f1a en la que M\u00e1rquez recibi\u00f3 varias pu\u00f1aladas que le causaron la muerte casi [&hellip;]<\/p>\n","protected":false},"author":2,"featured_media":5093,"comment_status":"closed","ping_status":"open","sticky":false,"template":"","format":"standard","meta":{"footnotes":""},"categories":[1],"tags":[],"class_list":["post-5091","post","type-post","status-publish","format-standard","has-post-thumbnail","hentry","category-noticias"],"_links":{"self":[{"href":"https:\/\/mifavorita.com.pa\/2017\/wp-json\/wp\/v2\/posts\/5091","targetHints":{"allow":["GET"]}}],"collection":[{"href":"https:\/\/mifavorita.com.pa\/2017\/wp-json\/wp\/v2\/posts"}],"about":[{"href":"https:\/\/mifavorita.com.pa\/2017\/wp-json\/wp\/v2\/types\/post"}],"author":[{"embeddable":true,"href":"https:\/\/mifavorita.com.pa\/2017\/wp-json\/wp\/v2\/users\/2"}],"replies":[{"embeddable":true,"href":"https:\/\/mifavorita.com.pa\/2017\/wp-json\/wp\/v2\/comments?post=5091"}],"version-history":[{"count":1,"href":"https:\/\/mifavorita.com.pa\/2017\/wp-json\/wp\/v2\/posts\/5091\/revisions"}],"predecessor-version":[{"id":5092,"href":"https:\/\/mifavorita.com.pa\/2017\/wp-json\/wp\/v2\/posts\/5091\/revisions\/5092"}],"wp:featuredmedia":[{"embeddable":true,"href":"https:\/\/mifavorita.com.pa\/2017\/wp-json\/wp\/v2\/media\/5093"}],"wp:attachment":[{"href":"https:\/\/mifavorita.com.pa\/2017\/wp-json\/wp\/v2\/media?parent=5091"}],"wp:term":[{"taxonomy":"category","embeddable":true,"href":"https:\/\/mifavorita.com.pa\/2017\/wp-json\/wp\/v2\/categories?post=5091"},{"taxonomy":"post_tag","embeddable":true,"href":"https:\/\/mifavorita.com.pa\/2017\/wp-json\/wp\/v2\/tags?post=5091"}],"curies":[{"name":"wp","href":"https:\/\/api.w.org\/{rel}","templated":true}]}}