{"id":5100,"date":"2022-05-16T20:55:39","date_gmt":"2022-05-16T20:55:39","guid":{"rendered":"https:\/\/mifavorita.com.pa\/2017\/?p=5100"},"modified":"2022-05-16T20:55:40","modified_gmt":"2022-05-16T20:55:40","slug":"personajes-ilustres-de-nata-5","status":"publish","type":"post","link":"https:\/\/mifavorita.com.pa\/2017\/personajes-ilustres-de-nata-5\/","title":{"rendered":"PERSONAJES ILUSTRES DE NAT\u00c1"},"content":{"rendered":"\n<p>Hernanm&nbsp;Gnaegy&nbsp;Moeri<\/p>\n\n\n\n<p>Llegado a Nat\u00e1 por temas laborales y nacido en Suiza,&nbsp;Hernanm&nbsp;Gnaegy&nbsp;Moeri&nbsp;vino a Panam\u00e1 con un contrato de 3 a\u00f1os en 1939, pero una vez vencido este tiempo, la Segunda Guerra Mundial impidi\u00f3 que el inmigrante volviera a su pa\u00eds natal y de ese modo se convirti\u00f3 en un&nbsp;natariego&nbsp;m\u00e1s.<\/p>\n\n\n\n<p>Su presencia en tierras natariegas se debi\u00f3 a la intenci\u00f3n de ense\u00f1ar a los peque\u00f1os y grandes ganaderos de la regi\u00f3n t\u00e9cnicas relacionadas con el orde\u00f1o y de c\u00f3mo aumentar la producci\u00f3n de leche, alcanzando incluso mejorar las razas criollas al traer un toro de la raza pardo suizo desde su pa\u00eds de origen.<\/p>\n\n\n\n<p>En 1949 fue nombrado gerente de la Nestl\u00e9 aprovechando adem\u00e1s de la leche, el tomate de la regi\u00f3n, para la fabricaci\u00f3n de la pasta de tomate bajo la marca&nbsp;Maggi, aumentando sustancialmente la planilla y repercutiendo inmediatamente en la econom\u00eda local a trav\u00e9s del denominado oro rojo de Nat\u00e1.<\/p>\n\n\n\n<p>Con esto se transform\u00f3&nbsp;incluso la fisionom\u00eda del humilde caser\u00edo en una vigorosa ciudad, incluso impact\u00f3 en la educaci\u00f3n ya que ni\u00f1os&nbsp;natariegos&nbsp;tuvieron la oportunidad de ir a educarse a los colegios de Aguadulce.<\/p>\n\n\n\n<p>Hernanm Gnaegy quien fue considerado el arquitecto del nuevo Nat\u00e1, contrajo matrimonio con la natariega Delia Urriola con quien tuvo cuatro hijos.<\/p>\n","protected":false},"excerpt":{"rendered":"<p>Hernanm&nbsp;Gnaegy&nbsp;Moeri Llegado a Nat\u00e1 por temas laborales y nacido en Suiza,&nbsp;Hernanm&nbsp;Gnaegy&nbsp;Moeri&nbsp;vino a Panam\u00e1 con un contrato de 3 a\u00f1os en 1939, pero una vez vencido este tiempo, la Segunda Guerra Mundial impidi\u00f3 que el inmigrante volviera a su pa\u00eds natal y de ese modo se convirti\u00f3 en un&nbsp;natariego&nbsp;m\u00e1s. Su presencia en tierras natariegas se debi\u00f3 [&hellip;]<\/p>\n","protected":false},"author":2,"featured_media":5099,"comment_status":"closed","ping_status":"open","sticky":false,"template":"","format":"standard","meta":{"footnotes":""},"categories":[1],"tags":[],"class_list":["post-5100","post","type-post","status-publish","format-standard","has-post-thumbnail","hentry","category-noticias"],"_links":{"self":[{"href":"https:\/\/mifavorita.com.pa\/2017\/wp-json\/wp\/v2\/posts\/5100","targetHints":{"allow":["GET"]}}],"collection":[{"href":"https:\/\/mifavorita.com.pa\/2017\/wp-json\/wp\/v2\/posts"}],"about":[{"href":"https:\/\/mifavorita.com.pa\/2017\/wp-json\/wp\/v2\/types\/post"}],"author":[{"embeddable":true,"href":"https:\/\/mifavorita.com.pa\/2017\/wp-json\/wp\/v2\/users\/2"}],"replies":[{"embeddable":true,"href":"https:\/\/mifavorita.com.pa\/2017\/wp-json\/wp\/v2\/comments?post=5100"}],"version-history":[{"count":1,"href":"https:\/\/mifavorita.com.pa\/2017\/wp-json\/wp\/v2\/posts\/5100\/revisions"}],"predecessor-version":[{"id":5101,"href":"https:\/\/mifavorita.com.pa\/2017\/wp-json\/wp\/v2\/posts\/5100\/revisions\/5101"}],"wp:featuredmedia":[{"embeddable":true,"href":"https:\/\/mifavorita.com.pa\/2017\/wp-json\/wp\/v2\/media\/5099"}],"wp:attachment":[{"href":"https:\/\/mifavorita.com.pa\/2017\/wp-json\/wp\/v2\/media?parent=5100"}],"wp:term":[{"taxonomy":"category","embeddable":true,"href":"https:\/\/mifavorita.com.pa\/2017\/wp-json\/wp\/v2\/categories?post=5100"},{"taxonomy":"post_tag","embeddable":true,"href":"https:\/\/mifavorita.com.pa\/2017\/wp-json\/wp\/v2\/tags?post=5100"}],"curies":[{"name":"wp","href":"https:\/\/api.w.org\/{rel}","templated":true}]}}