{"id":5178,"date":"2022-06-10T22:36:57","date_gmt":"2022-06-10T22:36:57","guid":{"rendered":"https:\/\/mifavorita.com.pa\/2017\/?p=5178"},"modified":"2022-06-10T22:36:58","modified_gmt":"2022-06-10T22:36:58","slug":"tras-crecida-del-rio-co-diez-familias-tendran-que-ser-reubicadas","status":"publish","type":"post","link":"https:\/\/mifavorita.com.pa\/2017\/tras-crecida-del-rio-co-diez-familias-tendran-que-ser-reubicadas\/","title":{"rendered":"Tras crecida del r\u00edo Co, diez familias tendr\u00e1n que ser reubicadas."},"content":{"rendered":"\n<p>EDILSA GONZALEZ&nbsp;&nbsp;ROCA<\/p>\n\n\n\n<p>COCL\u00c9.<\/p>\n\n\n\n<p>Al menos diez familias de la comunidad de R\u00edo Co tendr\u00e1n que ser reubicadas debido al riesgo que corren por esta ubicadas en \u00e1reas vulnerables, muchos de estos residentes tienen miedo y est\u00e1n dispuestos a dejar el lugar que por a\u00f1os han ocupado por temor a que otra corriente del r\u00edo pueda llevarse sus casas.<\/p>\n\n\n\n<p>Marisol Gonz\u00e1lez, residente de R\u00edo Co, cont\u00f3 que a eso de las cuatro de la tarde ella sali\u00f3 de sus casa a ver sus hortalizas en un terreno cercano en el camino escuch\u00f3 un ruido muy grande y como los \u00e1rboles se mov\u00edan, luego escucho los gritos de sus hijos, por lo que volvi\u00f3 a casa corriendo y cuando llego ya el agua recorr\u00eda todo su patio, solo abraz\u00f3 a sus hijos y se encomend\u00f3 a Dios.<\/p>\n\n\n\n<figure class=\"wp-block-image size-large\"><img fetchpriority=\"high\" decoding=\"async\" width=\"1156\" height=\"651\" src=\"https:\/\/mifavorita.com.pa\/2017\/wp-content\/uploads\/2022\/06\/a582a064-c3c6-4440-be28-a8df9862a1ae.jpg\" alt=\"\" class=\"wp-image-5175\" srcset=\"https:\/\/mifavorita.com.pa\/2017\/wp-content\/uploads\/2022\/06\/a582a064-c3c6-4440-be28-a8df9862a1ae.jpg 1156w, https:\/\/mifavorita.com.pa\/2017\/wp-content\/uploads\/2022\/06\/a582a064-c3c6-4440-be28-a8df9862a1ae-300x169.jpg 300w, https:\/\/mifavorita.com.pa\/2017\/wp-content\/uploads\/2022\/06\/a582a064-c3c6-4440-be28-a8df9862a1ae-1024x577.jpg 1024w, https:\/\/mifavorita.com.pa\/2017\/wp-content\/uploads\/2022\/06\/a582a064-c3c6-4440-be28-a8df9862a1ae-768x432.jpg 768w\" sizes=\"(max-width: 1156px) 100vw, 1156px\" \/><\/figure>\n\n\n\n<p>Gumersinda Gonz\u00e1lez dijo que jam\u00e1s hab\u00eda visto algo as\u00ed, cuando vieron que la corriente sal\u00eda del cauce soltaron unos puercos que ten\u00edan amarrados, pero ya fue tarde la corriente entr\u00f3 al patio y se llev\u00f3 puercos, gallinas y cuanto encontr\u00f3 a su, ella entr\u00f3 y pidi\u00f3 misericordia a Dios.<\/p>\n\n\n\n<p>Y es que la furia del r\u00edo Co, arras\u00f3 con todo a su paso, afortunadamente las viviendas est\u00e1n construidas de concreto y soportaron la fuerza de la corriente, pero animales, plantaciones de ma\u00edz, arroz, y otros cultivos se los llev\u00f3 la corriente, que tambi\u00e9n se llev\u00f3 un puente colgante en el sector de Los Cerritos y socav\u00f3 las bases y parte de las estructuras del que comunica a los habitantes del R\u00edo Co.<\/p>\n\n\n\n<figure class=\"wp-block-image size-large\"><img decoding=\"async\" width=\"1156\" height=\"651\" src=\"https:\/\/mifavorita.com.pa\/2017\/wp-content\/uploads\/2022\/06\/b05c58fe-05d5-4412-a880-79fdd64d44c5.jpg\" alt=\"\" class=\"wp-image-5177\" srcset=\"https:\/\/mifavorita.com.pa\/2017\/wp-content\/uploads\/2022\/06\/b05c58fe-05d5-4412-a880-79fdd64d44c5.jpg 1156w, https:\/\/mifavorita.com.pa\/2017\/wp-content\/uploads\/2022\/06\/b05c58fe-05d5-4412-a880-79fdd64d44c5-300x169.jpg 300w, https:\/\/mifavorita.com.pa\/2017\/wp-content\/uploads\/2022\/06\/b05c58fe-05d5-4412-a880-79fdd64d44c5-1024x577.jpg 1024w, https:\/\/mifavorita.com.pa\/2017\/wp-content\/uploads\/2022\/06\/b05c58fe-05d5-4412-a880-79fdd64d44c5-768x432.jpg 768w\" sizes=\"(max-width: 1156px) 100vw, 1156px\" \/><\/figure>\n\n\n\n<p>Este viernes funcionarios del Sistema Nacional de Protecci\u00f3n Civil y los directores del Miviot, Mida, Ima y otras instituciones realizaron una evaluaci\u00f3n de los da\u00f1os y distribuyeron 100 quintales de bolsas de arroz de 20 libras y agua embotellada a las familias afectadas y a parte de la comunidad.<\/p>\n\n\n\n<p>Noriela Ruiz, directora del Miviot, inform\u00f3 que para darle respuesta a las diez familias en vulnerabilidad se reunir\u00e1n con Anati para verificar disponibilidad de tierras estatales en el \u00e1rea y poder construir nuevas viviendas a los afectados, por sus parte Juan Dom\u00ednguez del Mida, dijo que todos los afectados del Plan Colmena y otros agricultores ser\u00e1n apoyados por la entidad.<\/p>\n","protected":false},"excerpt":{"rendered":"<p>EDILSA GONZALEZ&nbsp;&nbsp;ROCA COCL\u00c9. Al menos diez familias de la comunidad de R\u00edo Co tendr\u00e1n que ser reubicadas debido al riesgo que corren por esta ubicadas en \u00e1reas vulnerables, muchos de estos residentes tienen miedo y est\u00e1n dispuestos a dejar el lugar que por a\u00f1os han ocupado por temor a que otra corriente del r\u00edo pueda [&hellip;]<\/p>\n","protected":false},"author":2,"featured_media":5174,"comment_status":"closed","ping_status":"open","sticky":false,"template":"","format":"standard","meta":{"footnotes":""},"categories":[1],"tags":[],"class_list":["post-5178","post","type-post","status-publish","format-standard","has-post-thumbnail","hentry","category-noticias"],"_links":{"self":[{"href":"https:\/\/mifavorita.com.pa\/2017\/wp-json\/wp\/v2\/posts\/5178","targetHints":{"allow":["GET"]}}],"collection":[{"href":"https:\/\/mifavorita.com.pa\/2017\/wp-json\/wp\/v2\/posts"}],"about":[{"href":"https:\/\/mifavorita.com.pa\/2017\/wp-json\/wp\/v2\/types\/post"}],"author":[{"embeddable":true,"href":"https:\/\/mifavorita.com.pa\/2017\/wp-json\/wp\/v2\/users\/2"}],"replies":[{"embeddable":true,"href":"https:\/\/mifavorita.com.pa\/2017\/wp-json\/wp\/v2\/comments?post=5178"}],"version-history":[{"count":1,"href":"https:\/\/mifavorita.com.pa\/2017\/wp-json\/wp\/v2\/posts\/5178\/revisions"}],"predecessor-version":[{"id":5179,"href":"https:\/\/mifavorita.com.pa\/2017\/wp-json\/wp\/v2\/posts\/5178\/revisions\/5179"}],"wp:featuredmedia":[{"embeddable":true,"href":"https:\/\/mifavorita.com.pa\/2017\/wp-json\/wp\/v2\/media\/5174"}],"wp:attachment":[{"href":"https:\/\/mifavorita.com.pa\/2017\/wp-json\/wp\/v2\/media?parent=5178"}],"wp:term":[{"taxonomy":"category","embeddable":true,"href":"https:\/\/mifavorita.com.pa\/2017\/wp-json\/wp\/v2\/categories?post=5178"},{"taxonomy":"post_tag","embeddable":true,"href":"https:\/\/mifavorita.com.pa\/2017\/wp-json\/wp\/v2\/tags?post=5178"}],"curies":[{"name":"wp","href":"https:\/\/api.w.org\/{rel}","templated":true}]}}