{"id":525,"date":"2017-06-23T06:11:43","date_gmt":"2017-06-23T06:11:43","guid":{"rendered":"http:\/\/mifavorita.com.pa\/2017\/?p=525"},"modified":"2017-06-23T06:11:43","modified_gmt":"2017-06-23T06:11:43","slug":"un-vuelo-charter-procedente-de-costa-rica-llego-por-primera-vez-al-aeropuerto-internacional-de-rio-hato","status":"publish","type":"post","link":"https:\/\/mifavorita.com.pa\/2017\/un-vuelo-charter-procedente-de-costa-rica-llego-por-primera-vez-al-aeropuerto-internacional-de-rio-hato\/","title":{"rendered":"Un vuelo ch\u00e1rter procedente de Costa Rica, lleg\u00f3 por primera vez al Aeropuerto Internacional de R\u00edo Hato"},"content":{"rendered":"<p style=\"text-align: left;\"><span style=\"font-size: 16px;\">Primer vuelo ch\u00e1rter llega al aeropuerto de R\u00edo Hato con turistas de Costa Rica por Air Panam\u00e1, en convenio entre ATP y esta aerol\u00ednea<\/span><\/p>\n<p style=\"text-align: left;\">El arribo del vuelo se dio este jueves 22 de junio, como parte de una estrategia que busca incrementar el turismo en la temporada baja en los hoteles de playa de R\u00edo Hato, en la provincia de Cocl\u00e9.<\/p>\n<p style=\"text-align: left;\">Se espera que en esta temporada se den 20 viajes, es decir unos tres por semana.<\/p>\n<p><img fetchpriority=\"high\" decoding=\"async\" class=\"alignnone size-medium wp-image-527\" src=\"http:\/\/mifavorita.com.pa\/2017\/wp-content\/uploads\/2017\/06\/IMG_20170623_010013-300x225.jpg\" alt=\"\" width=\"300\" height=\"225\" srcset=\"https:\/\/mifavorita.com.pa\/2017\/wp-content\/uploads\/2017\/06\/IMG_20170623_010013-300x225.jpg 300w, https:\/\/mifavorita.com.pa\/2017\/wp-content\/uploads\/2017\/06\/IMG_20170623_010013-768x576.jpg 768w, https:\/\/mifavorita.com.pa\/2017\/wp-content\/uploads\/2017\/06\/IMG_20170623_010013-678x509.jpg 678w, https:\/\/mifavorita.com.pa\/2017\/wp-content\/uploads\/2017\/06\/IMG_20170623_010013-326x245.jpg 326w, https:\/\/mifavorita.com.pa\/2017\/wp-content\/uploads\/2017\/06\/IMG_20170623_010013-80x60.jpg 80w, https:\/\/mifavorita.com.pa\/2017\/wp-content\/uploads\/2017\/06\/IMG_20170623_010013.jpg 960w\" sizes=\"(max-width: 300px) 100vw, 300px\" \/><\/p>\n<p>&nbsp;<\/p>\n<p>&nbsp;<\/p>\n<p><img decoding=\"async\" class=\"alignnone size-medium wp-image-528\" src=\"http:\/\/mifavorita.com.pa\/2017\/wp-content\/uploads\/2017\/06\/IMG_20170623_010015-225x300.jpg\" alt=\"\" width=\"225\" height=\"300\" srcset=\"https:\/\/mifavorita.com.pa\/2017\/wp-content\/uploads\/2017\/06\/IMG_20170623_010015-225x300.jpg 225w, https:\/\/mifavorita.com.pa\/2017\/wp-content\/uploads\/2017\/06\/IMG_20170623_010015.jpg 720w\" sizes=\"(max-width: 225px) 100vw, 225px\" \/><\/p>\n","protected":false},"excerpt":{"rendered":"<p>Primer vuelo ch\u00e1rter llega al aeropuerto de R\u00edo Hato con turistas de Costa Rica por Air Panam\u00e1, en convenio entre ATP y esta aerol\u00ednea El arribo del vuelo se dio este jueves 22 de junio, como parte de una estrategia que busca incrementar el turismo en la temporada baja en los hoteles de playa de [&hellip;]<\/p>\n","protected":false},"author":3,"featured_media":526,"comment_status":"closed","ping_status":"open","sticky":false,"template":"","format":"standard","meta":{"footnotes":""},"categories":[1],"tags":[],"class_list":["post-525","post","type-post","status-publish","format-standard","has-post-thumbnail","hentry","category-noticias"],"_links":{"self":[{"href":"https:\/\/mifavorita.com.pa\/2017\/wp-json\/wp\/v2\/posts\/525","targetHints":{"allow":["GET"]}}],"collection":[{"href":"https:\/\/mifavorita.com.pa\/2017\/wp-json\/wp\/v2\/posts"}],"about":[{"href":"https:\/\/mifavorita.com.pa\/2017\/wp-json\/wp\/v2\/types\/post"}],"author":[{"embeddable":true,"href":"https:\/\/mifavorita.com.pa\/2017\/wp-json\/wp\/v2\/users\/3"}],"replies":[{"embeddable":true,"href":"https:\/\/mifavorita.com.pa\/2017\/wp-json\/wp\/v2\/comments?post=525"}],"version-history":[{"count":2,"href":"https:\/\/mifavorita.com.pa\/2017\/wp-json\/wp\/v2\/posts\/525\/revisions"}],"predecessor-version":[{"id":530,"href":"https:\/\/mifavorita.com.pa\/2017\/wp-json\/wp\/v2\/posts\/525\/revisions\/530"}],"wp:featuredmedia":[{"embeddable":true,"href":"https:\/\/mifavorita.com.pa\/2017\/wp-json\/wp\/v2\/media\/526"}],"wp:attachment":[{"href":"https:\/\/mifavorita.com.pa\/2017\/wp-json\/wp\/v2\/media?parent=525"}],"wp:term":[{"taxonomy":"category","embeddable":true,"href":"https:\/\/mifavorita.com.pa\/2017\/wp-json\/wp\/v2\/categories?post=525"},{"taxonomy":"post_tag","embeddable":true,"href":"https:\/\/mifavorita.com.pa\/2017\/wp-json\/wp\/v2\/tags?post=525"}],"curies":[{"name":"wp","href":"https:\/\/api.w.org\/{rel}","templated":true}]}}