{"id":531,"date":"2017-06-25T20:16:19","date_gmt":"2017-06-25T20:16:19","guid":{"rendered":"http:\/\/mifavorita.com.pa\/2017\/?p=531"},"modified":"2017-06-25T20:16:19","modified_gmt":"2017-06-25T20:16:19","slug":"coclesanos-participaron-en-la-siembra-de-arboles","status":"publish","type":"post","link":"https:\/\/mifavorita.com.pa\/2017\/coclesanos-participaron-en-la-siembra-de-arboles\/","title":{"rendered":"Coclesanos participaron en la siembra de \u00e1rboles"},"content":{"rendered":"<p><span style=\"font-size: 16px;\">EDILSA GONZALEZ ROCA<\/span><\/p>\n<p>COCL\u00c9<\/p>\n<p>Unas seis hect\u00e1reas de tierras fueron reforestadas este s\u00e1bado en la provincia como parte del proyecto de Alianza por un mill\u00f3n de hect\u00e1reas que se lleva a nivel nacional y que busca mejorar la cobertura boscosa del pa\u00eds.<\/p>\n<p>En el caso de Cocl\u00e9 se escogieron cuatro puntos para desarrollar la jornada en la que participaron funcionarios, estudiantes y miembros de las distintas comunidades en el vertedero de Penonom\u00e9, en El Chumical de Ant\u00f3n, en Llano Ap\u00f3stol de R\u00edo Grande y en Colegio Mariano Prados de Nat\u00e1.<\/p>\n<p>Francisco Montenegro, ingeniero forestal de Mi Ambiente, indic\u00f3 que en el vertedero se utilizaron tres sistemas de siembra, una paisaj\u00edstica a la entrada con \u00e1rboles de pino, un bloque con reforestaci\u00f3n de nativos, una barrera natural y por la presencia de aves una cerca viva con mara\u00f1\u00f3n.<\/p>\n<p>Indic\u00f3 que las actividades de reforestaci\u00f3n continuar\u00e1 el resto de la temporada lluviosa pues la regional de Mi Ambiente en Cocl\u00e9 tiene una meta para este a\u00f1o de sembrar unas 400 hect\u00e1reas y para ellos cuentan con aliados importantes en toda la regi\u00f3n.<\/p>\n<p><img fetchpriority=\"high\" decoding=\"async\" class=\"alignnone size-medium wp-image-533\" src=\"http:\/\/mifavorita.com.pa\/2017\/wp-content\/uploads\/2017\/06\/IMG-20170625-WA0016-225x300.jpg\" alt=\"\" width=\"225\" height=\"300\" srcset=\"https:\/\/mifavorita.com.pa\/2017\/wp-content\/uploads\/2017\/06\/IMG-20170625-WA0016-225x300.jpg 225w, https:\/\/mifavorita.com.pa\/2017\/wp-content\/uploads\/2017\/06\/IMG-20170625-WA0016-768x1024.jpg 768w, https:\/\/mifavorita.com.pa\/2017\/wp-content\/uploads\/2017\/06\/IMG-20170625-WA0016.jpg 774w\" sizes=\"(max-width: 225px) 100vw, 225px\" \/><\/p>\n<p>Otro de los puntos en donde se sembr\u00f3 \u00e1rboles fue en la comunidad de El Chumical de Ant\u00f3n, en el lago artificial que forma parte de una reserva h\u00eddrica del sector que necesita completar un \u00e1rea de una hect\u00e1rea de reforestaci\u00f3n<\/p>\n","protected":false},"excerpt":{"rendered":"<p>EDILSA GONZALEZ ROCA COCL\u00c9 Unas seis hect\u00e1reas de tierras fueron reforestadas este s\u00e1bado en la provincia como parte del proyecto de Alianza por un mill\u00f3n de hect\u00e1reas que se lleva a nivel nacional y que busca mejorar la cobertura boscosa del pa\u00eds. En el caso de Cocl\u00e9 se escogieron cuatro puntos para desarrollar la jornada [&hellip;]<\/p>\n","protected":false},"author":3,"featured_media":532,"comment_status":"closed","ping_status":"open","sticky":false,"template":"","format":"standard","meta":{"footnotes":""},"categories":[1],"tags":[],"class_list":["post-531","post","type-post","status-publish","format-standard","has-post-thumbnail","hentry","category-noticias"],"_links":{"self":[{"href":"https:\/\/mifavorita.com.pa\/2017\/wp-json\/wp\/v2\/posts\/531","targetHints":{"allow":["GET"]}}],"collection":[{"href":"https:\/\/mifavorita.com.pa\/2017\/wp-json\/wp\/v2\/posts"}],"about":[{"href":"https:\/\/mifavorita.com.pa\/2017\/wp-json\/wp\/v2\/types\/post"}],"author":[{"embeddable":true,"href":"https:\/\/mifavorita.com.pa\/2017\/wp-json\/wp\/v2\/users\/3"}],"replies":[{"embeddable":true,"href":"https:\/\/mifavorita.com.pa\/2017\/wp-json\/wp\/v2\/comments?post=531"}],"version-history":[{"count":1,"href":"https:\/\/mifavorita.com.pa\/2017\/wp-json\/wp\/v2\/posts\/531\/revisions"}],"predecessor-version":[{"id":534,"href":"https:\/\/mifavorita.com.pa\/2017\/wp-json\/wp\/v2\/posts\/531\/revisions\/534"}],"wp:featuredmedia":[{"embeddable":true,"href":"https:\/\/mifavorita.com.pa\/2017\/wp-json\/wp\/v2\/media\/532"}],"wp:attachment":[{"href":"https:\/\/mifavorita.com.pa\/2017\/wp-json\/wp\/v2\/media?parent=531"}],"wp:term":[{"taxonomy":"category","embeddable":true,"href":"https:\/\/mifavorita.com.pa\/2017\/wp-json\/wp\/v2\/categories?post=531"},{"taxonomy":"post_tag","embeddable":true,"href":"https:\/\/mifavorita.com.pa\/2017\/wp-json\/wp\/v2\/tags?post=531"}],"curies":[{"name":"wp","href":"https:\/\/api.w.org\/{rel}","templated":true}]}}