{"id":535,"date":"2017-06-25T20:24:49","date_gmt":"2017-06-25T20:24:49","guid":{"rendered":"http:\/\/mifavorita.com.pa\/2017\/?p=535"},"modified":"2017-06-25T20:24:49","modified_gmt":"2017-06-25T20:24:49","slug":"mil-cien-casos-de-dengue-en-todo-el-pais","status":"publish","type":"post","link":"https:\/\/mifavorita.com.pa\/2017\/mil-cien-casos-de-dengue-en-todo-el-pais\/","title":{"rendered":"Mil cien casos de dengue en todo el pa\u00eds"},"content":{"rendered":"<div><span style=\"color: #000000; font-family: Calibri; font-size: medium;\">\u00a0<\/span><span style=\"color: #000000; font-family: Calibri; font-size: medium;\">EDILSA GONZALEZ ROCA<\/span><\/div>\n<p><span style=\"color: #000000; font-family: Calibri; font-size: medium;\">COCL\u00c9.<\/span><\/p>\n<p><span style=\"color: #000000; font-family: Calibri; font-size: medium;\">Mil 100 casos de dengue cl\u00e1sico y cinco de dengue grave se han registrado en el pa\u00eds en lo que va del a\u00f1o 2017 y aunque la incidencia ha sido baja, la preocupaci\u00f3n de las autoridades del Ministerio de Salud, se centra en que est\u00e1n circulando dos cero tipos de la enfermedad lo que puede acrecentar los casos de dengue grave.<\/span><\/p>\n<p><span style=\"color: #000000; font-family: Calibri; font-size: medium;\">La informaci\u00f3n la dio a conocer el Vice ministro de Salud Eric Ulloa, quien lanzo este domingo la campa\u00f1a nacional contra el Dengue en el denominado D\u00eda D, que busca hacer conciencia en la eliminaci\u00f3n de los criaderos del mosquito Aedes aegipty y que dio inici\u00f3 este domingo en la provincia de Cocl\u00e9.<\/span><\/p>\n<p><img fetchpriority=\"high\" decoding=\"async\" class=\"alignnone size-medium wp-image-537\" src=\"http:\/\/mifavorita.com.pa\/2017\/wp-content\/uploads\/2017\/06\/IMG-20170625-WA0015-300x225.jpg\" alt=\"\" width=\"300\" height=\"225\" srcset=\"https:\/\/mifavorita.com.pa\/2017\/wp-content\/uploads\/2017\/06\/IMG-20170625-WA0015-300x225.jpg 300w, https:\/\/mifavorita.com.pa\/2017\/wp-content\/uploads\/2017\/06\/IMG-20170625-WA0015-768x576.jpg 768w, https:\/\/mifavorita.com.pa\/2017\/wp-content\/uploads\/2017\/06\/IMG-20170625-WA0015-1024x768.jpg 1024w, https:\/\/mifavorita.com.pa\/2017\/wp-content\/uploads\/2017\/06\/IMG-20170625-WA0015-678x509.jpg 678w, https:\/\/mifavorita.com.pa\/2017\/wp-content\/uploads\/2017\/06\/IMG-20170625-WA0015-326x245.jpg 326w, https:\/\/mifavorita.com.pa\/2017\/wp-content\/uploads\/2017\/06\/IMG-20170625-WA0015-80x60.jpg 80w, https:\/\/mifavorita.com.pa\/2017\/wp-content\/uploads\/2017\/06\/IMG-20170625-WA0015.jpg 1032w\" sizes=\"(max-width: 300px) 100vw, 300px\" \/><\/p>\n<p><span style=\"color: #000000; font-family: Calibri; font-size: medium;\">Seg\u00fan Ulloa es importante que se entienda que la lucha contra el mosquito no solo es del Minsa sino de todas las instituciones y las personas. Haciendo la tarea de revisar casas y patios eliminando los criaderos.<\/span><\/p>\n<p><span style=\"color: #000000; font-family: Calibri; font-size: medium;\">Durante el operativo realizado en Penonom\u00e9 se visitaron un total de cuatro sectores entre Ca\u00f1averal y el corregimiento cabecera de Penonom\u00e9 en donde se encontraron varios criaderos de mosquitos y se impusieron algunas sanciones.<\/span><\/p>\n<p><img decoding=\"async\" class=\"alignnone size-medium wp-image-538\" src=\"http:\/\/mifavorita.com.pa\/2017\/wp-content\/uploads\/2017\/06\/IMG-20170625-WA0018-300x225.jpg\" alt=\"\" width=\"300\" height=\"225\" srcset=\"https:\/\/mifavorita.com.pa\/2017\/wp-content\/uploads\/2017\/06\/IMG-20170625-WA0018-300x225.jpg 300w, https:\/\/mifavorita.com.pa\/2017\/wp-content\/uploads\/2017\/06\/IMG-20170625-WA0018-768x576.jpg 768w, https:\/\/mifavorita.com.pa\/2017\/wp-content\/uploads\/2017\/06\/IMG-20170625-WA0018-1024x768.jpg 1024w, https:\/\/mifavorita.com.pa\/2017\/wp-content\/uploads\/2017\/06\/IMG-20170625-WA0018-678x509.jpg 678w, https:\/\/mifavorita.com.pa\/2017\/wp-content\/uploads\/2017\/06\/IMG-20170625-WA0018-326x245.jpg 326w, https:\/\/mifavorita.com.pa\/2017\/wp-content\/uploads\/2017\/06\/IMG-20170625-WA0018-80x60.jpg 80w, https:\/\/mifavorita.com.pa\/2017\/wp-content\/uploads\/2017\/06\/IMG-20170625-WA0018.jpg 1032w\" sizes=\"(max-width: 300px) 100vw, 300px\" \/><\/p>\n","protected":false},"excerpt":{"rendered":"<p>\u00a0EDILSA GONZALEZ ROCA COCL\u00c9. Mil 100 casos de dengue cl\u00e1sico y cinco de dengue grave se han registrado en el pa\u00eds en lo que va del a\u00f1o 2017 y aunque la incidencia ha sido baja, la preocupaci\u00f3n de las autoridades del Ministerio de Salud, se centra en que est\u00e1n circulando dos cero tipos de la [&hellip;]<\/p>\n","protected":false},"author":3,"featured_media":536,"comment_status":"closed","ping_status":"open","sticky":false,"template":"","format":"standard","meta":{"footnotes":""},"categories":[1],"tags":[],"class_list":["post-535","post","type-post","status-publish","format-standard","has-post-thumbnail","hentry","category-noticias"],"_links":{"self":[{"href":"https:\/\/mifavorita.com.pa\/2017\/wp-json\/wp\/v2\/posts\/535","targetHints":{"allow":["GET"]}}],"collection":[{"href":"https:\/\/mifavorita.com.pa\/2017\/wp-json\/wp\/v2\/posts"}],"about":[{"href":"https:\/\/mifavorita.com.pa\/2017\/wp-json\/wp\/v2\/types\/post"}],"author":[{"embeddable":true,"href":"https:\/\/mifavorita.com.pa\/2017\/wp-json\/wp\/v2\/users\/3"}],"replies":[{"embeddable":true,"href":"https:\/\/mifavorita.com.pa\/2017\/wp-json\/wp\/v2\/comments?post=535"}],"version-history":[{"count":1,"href":"https:\/\/mifavorita.com.pa\/2017\/wp-json\/wp\/v2\/posts\/535\/revisions"}],"predecessor-version":[{"id":539,"href":"https:\/\/mifavorita.com.pa\/2017\/wp-json\/wp\/v2\/posts\/535\/revisions\/539"}],"wp:featuredmedia":[{"embeddable":true,"href":"https:\/\/mifavorita.com.pa\/2017\/wp-json\/wp\/v2\/media\/536"}],"wp:attachment":[{"href":"https:\/\/mifavorita.com.pa\/2017\/wp-json\/wp\/v2\/media?parent=535"}],"wp:term":[{"taxonomy":"category","embeddable":true,"href":"https:\/\/mifavorita.com.pa\/2017\/wp-json\/wp\/v2\/categories?post=535"},{"taxonomy":"post_tag","embeddable":true,"href":"https:\/\/mifavorita.com.pa\/2017\/wp-json\/wp\/v2\/tags?post=535"}],"curies":[{"name":"wp","href":"https:\/\/api.w.org\/{rel}","templated":true}]}}