{"id":540,"date":"2017-06-25T20:28:45","date_gmt":"2017-06-25T20:28:45","guid":{"rendered":"http:\/\/mifavorita.com.pa\/2017\/?p=540"},"modified":"2017-06-25T20:28:45","modified_gmt":"2017-06-25T20:28:45","slug":"minsa-y-ministerio-publico-investigan-intoxicacion-de-estudiantes","status":"publish","type":"post","link":"https:\/\/mifavorita.com.pa\/2017\/minsa-y-ministerio-publico-investigan-intoxicacion-de-estudiantes\/","title":{"rendered":"Minsa y Ministerio P\u00fablico investigan intoxicaci\u00f3n de estudiantes"},"content":{"rendered":"<p>&nbsp;<\/p>\n<p><span style=\"color: #000000; font-family: Calibri; font-size: medium;\">\u00a0E<\/span><span style=\"color: #000000; font-family: Calibri; font-size: medium;\">DILSA GONZALEZ ROCA<\/span><\/p>\n<p><span style=\"color: #000000; font-family: Calibri; font-size: medium;\">COCL\u00c9.<\/span><\/p>\n<p><span style=\"color: #000000; font-family: Calibri; font-size: medium;\">El Ministerio de Salud y el Ministerio P\u00fablico en la provincia de Cocl\u00e9 iniciaron una investigaci\u00f3n para determinara las causas de intoxicaci\u00f3n de unos 19 estudiantes del Instituto Profesional y T\u00e9cnico de El Valle de Ant\u00f3n ocurrida el pasado viernes.<\/span><\/p>\n<p><span style=\"color: #000000; font-family: Calibri; font-size: medium;\">Seg\u00fan detall\u00f3 la doctora Itza Barahona de Mosca, directora nacional de salud, recibieron el reporte el viernes de varios ni\u00f1os que presentaban s\u00edntomas extra\u00f1os de sudoraci\u00f3n, palpitaciones y relataban que hab\u00eda consumido un confite o pastillas particular por lo que se inici\u00f3 una investigaci\u00f3n y los confites fueron retirados del sitio donde se vend\u00edan.<\/span><\/p>\n<p><span style=\"color: #000000; font-family: Calibri; font-size: medium;\">Indic\u00f3 que de los 19 ni\u00f1os afectados, cinco tuvieron que ser hospitalizados bajo observaci\u00f3n el hospital Aquilino Tejeira de Penonom\u00e9, y hasta la tarde del s\u00e1bado ya hab\u00edan sido dados de alta y est\u00e1n fuera de peligro.<\/span><\/p>\n","protected":false},"excerpt":{"rendered":"<p>&nbsp; \u00a0EDILSA GONZALEZ ROCA COCL\u00c9. El Ministerio de Salud y el Ministerio P\u00fablico en la provincia de Cocl\u00e9 iniciaron una investigaci\u00f3n para determinara las causas de intoxicaci\u00f3n de unos 19 estudiantes del Instituto Profesional y T\u00e9cnico de El Valle de Ant\u00f3n ocurrida el pasado viernes. Seg\u00fan detall\u00f3 la doctora Itza Barahona de Mosca, directora nacional [&hellip;]<\/p>\n","protected":false},"author":3,"featured_media":541,"comment_status":"closed","ping_status":"open","sticky":false,"template":"","format":"standard","meta":{"footnotes":""},"categories":[1],"tags":[],"class_list":["post-540","post","type-post","status-publish","format-standard","has-post-thumbnail","hentry","category-noticias"],"_links":{"self":[{"href":"https:\/\/mifavorita.com.pa\/2017\/wp-json\/wp\/v2\/posts\/540","targetHints":{"allow":["GET"]}}],"collection":[{"href":"https:\/\/mifavorita.com.pa\/2017\/wp-json\/wp\/v2\/posts"}],"about":[{"href":"https:\/\/mifavorita.com.pa\/2017\/wp-json\/wp\/v2\/types\/post"}],"author":[{"embeddable":true,"href":"https:\/\/mifavorita.com.pa\/2017\/wp-json\/wp\/v2\/users\/3"}],"replies":[{"embeddable":true,"href":"https:\/\/mifavorita.com.pa\/2017\/wp-json\/wp\/v2\/comments?post=540"}],"version-history":[{"count":1,"href":"https:\/\/mifavorita.com.pa\/2017\/wp-json\/wp\/v2\/posts\/540\/revisions"}],"predecessor-version":[{"id":542,"href":"https:\/\/mifavorita.com.pa\/2017\/wp-json\/wp\/v2\/posts\/540\/revisions\/542"}],"wp:featuredmedia":[{"embeddable":true,"href":"https:\/\/mifavorita.com.pa\/2017\/wp-json\/wp\/v2\/media\/541"}],"wp:attachment":[{"href":"https:\/\/mifavorita.com.pa\/2017\/wp-json\/wp\/v2\/media?parent=540"}],"wp:term":[{"taxonomy":"category","embeddable":true,"href":"https:\/\/mifavorita.com.pa\/2017\/wp-json\/wp\/v2\/categories?post=540"},{"taxonomy":"post_tag","embeddable":true,"href":"https:\/\/mifavorita.com.pa\/2017\/wp-json\/wp\/v2\/tags?post=540"}],"curies":[{"name":"wp","href":"https:\/\/api.w.org\/{rel}","templated":true}]}}