{"id":545,"date":"2017-06-29T03:07:35","date_gmt":"2017-06-29T03:07:35","guid":{"rendered":"http:\/\/mifavorita.com.pa\/2017\/?p=545"},"modified":"2017-06-29T03:07:35","modified_gmt":"2017-06-29T03:07:35","slug":"condenan-a-17-anos-a-implicado-en-crimen-en-el-valle","status":"publish","type":"post","link":"https:\/\/mifavorita.com.pa\/2017\/condenan-a-17-anos-a-implicado-en-crimen-en-el-valle\/","title":{"rendered":"Condenan a 17 a\u00f1os a implicado en crimen en El Valle"},"content":{"rendered":"<p>&nbsp;<\/p>\n<p>&nbsp;<\/p>\n<p>EDILSA GONZALEZ ROCA<\/p>\n<p>COCL\u00c9.<\/p>\n<p>Jos\u00e9 Javier L\u00f3pez Villarreal, fue condenado a la pena de 17 a\u00f1os de prisi\u00f3n al ser declarado culpable del delito contra la vida e integridad personal\u00a0 en la modalidad de homicidio, en perjuicio de quien en vida fuera David Daniel Cerrud, hecho ocurrido en el sector de La reforma de El Valle de Ant\u00f3n el pasado 1 de marzo.<\/p>\n<p>L\u00f3pez Villarreal y Cerud, se enfrentaron en una ri\u00f1a durante una actividad bailable en el sector de la Reforma, como resultado de la misma, el ahora condenado, se fue hacia su residencia y busc\u00f3 un arma de fuego que descarg\u00f3 sobre la v\u00edctima.<\/p>\n<p>La condena contra L\u00f3pez Villarreal fue dictada este mi\u00e9rcoles a trav\u00e9s de un acuerdo de pena y el sindicado deber\u00e1 cumplir su pena en la c\u00e1rcel de la provincia de Cocl\u00e9.<\/p>\n","protected":false},"excerpt":{"rendered":"<p>&nbsp; &nbsp; EDILSA GONZALEZ ROCA COCL\u00c9. Jos\u00e9 Javier L\u00f3pez Villarreal, fue condenado a la pena de 17 a\u00f1os de prisi\u00f3n al ser declarado culpable del delito contra la vida e integridad personal\u00a0 en la modalidad de homicidio, en perjuicio de quien en vida fuera David Daniel Cerrud, hecho ocurrido en el sector de La reforma [&hellip;]<\/p>\n","protected":false},"author":3,"featured_media":546,"comment_status":"closed","ping_status":"open","sticky":false,"template":"","format":"standard","meta":{"footnotes":""},"categories":[1],"tags":[],"class_list":["post-545","post","type-post","status-publish","format-standard","has-post-thumbnail","hentry","category-noticias"],"_links":{"self":[{"href":"https:\/\/mifavorita.com.pa\/2017\/wp-json\/wp\/v2\/posts\/545","targetHints":{"allow":["GET"]}}],"collection":[{"href":"https:\/\/mifavorita.com.pa\/2017\/wp-json\/wp\/v2\/posts"}],"about":[{"href":"https:\/\/mifavorita.com.pa\/2017\/wp-json\/wp\/v2\/types\/post"}],"author":[{"embeddable":true,"href":"https:\/\/mifavorita.com.pa\/2017\/wp-json\/wp\/v2\/users\/3"}],"replies":[{"embeddable":true,"href":"https:\/\/mifavorita.com.pa\/2017\/wp-json\/wp\/v2\/comments?post=545"}],"version-history":[{"count":1,"href":"https:\/\/mifavorita.com.pa\/2017\/wp-json\/wp\/v2\/posts\/545\/revisions"}],"predecessor-version":[{"id":547,"href":"https:\/\/mifavorita.com.pa\/2017\/wp-json\/wp\/v2\/posts\/545\/revisions\/547"}],"wp:featuredmedia":[{"embeddable":true,"href":"https:\/\/mifavorita.com.pa\/2017\/wp-json\/wp\/v2\/media\/546"}],"wp:attachment":[{"href":"https:\/\/mifavorita.com.pa\/2017\/wp-json\/wp\/v2\/media?parent=545"}],"wp:term":[{"taxonomy":"category","embeddable":true,"href":"https:\/\/mifavorita.com.pa\/2017\/wp-json\/wp\/v2\/categories?post=545"},{"taxonomy":"post_tag","embeddable":true,"href":"https:\/\/mifavorita.com.pa\/2017\/wp-json\/wp\/v2\/tags?post=545"}],"curies":[{"name":"wp","href":"https:\/\/api.w.org\/{rel}","templated":true}]}}