{"id":548,"date":"2017-06-29T03:10:14","date_gmt":"2017-06-29T03:10:14","guid":{"rendered":"http:\/\/mifavorita.com.pa\/2017\/?p=548"},"modified":"2017-06-29T03:10:14","modified_gmt":"2017-06-29T03:10:14","slug":"policia-capacita-a-estudiantes-para-resistir-a-las-pandillas","status":"publish","type":"post","link":"https:\/\/mifavorita.com.pa\/2017\/policia-capacita-a-estudiantes-para-resistir-a-las-pandillas\/","title":{"rendered":"Polic\u00eda capacita a estudiantes para resistir a las pandillas"},"content":{"rendered":"<p>&nbsp;<\/p>\n<p>EDILSA GONZALEZ ROCA<\/p>\n<p>COCL\u00c9.<\/p>\n<p>Unos 65 estudiantes del Centro Escolar B\u00e1sico General de El Cortezo de Nata, culminaron esta semana el programa preventivo de la Polic\u00eda Nacional, Educaci\u00f3n y Entrenamiento en Resistencia a las Pandillas ( G.R.E.A.T.), que se llev\u00f3 a cabo durante unas 6 semanas, en dicho plantel educativo.<\/p>\n<p>Amable Herrera instructor del curso manifest\u00f3 que es realmente importante compartir y dotar de conocimiento a los estudiantes en materia de seguridad y prevenci\u00f3n a trav\u00e9s de los programas de la Polic\u00eda Nacional, haciendo un alto al pandillerismo, droga, violencia por medio de las docencias.<\/p>\n<p>Indic\u00f3 que el programa que se lleva adelante en varios centros educativos de la provincia busca alertar a los menores de los peligros que se pueden encontrar en la calle y capacitarlos para poder hacerle frente a las malas influencias y adoptar actitudes de rechazo a la delincuencia y respeto y amor por sus compa\u00f1eros, su familia y su comunidad.<\/p>\n<p>Richard Carri\u00f3n, estudiante de 5\u00b0 Grado A, agradeci\u00f3 en nombre de todos sus compa\u00f1eros al Sargento Amable Herrera y a la Polic\u00eda Nacional por los conocimientos impartidos en materia de prevenci\u00f3n y temas de valores ya que ahora est\u00e1n preparados y con capacidad para decir no a las drogas y a las pandillas.<\/p>\n<p>El alcalde de Nata, Arturo Moreno, estuvo presente en la actividad y felicito a los miembros de la Polic\u00eda Nacional por el arduo trabajo enfocando sus esfuerzos en contribuir a la formaci\u00f3n de los estudiantes del distrito, que como otras regiones del pa\u00eds no escapan de situaciones de delincuencia, violencia drogas, por lo que dijo la prevenci\u00f3n con los ni\u00f1os es fundamental.<\/p>\n","protected":false},"excerpt":{"rendered":"<p>&nbsp; EDILSA GONZALEZ ROCA COCL\u00c9. Unos 65 estudiantes del Centro Escolar B\u00e1sico General de El Cortezo de Nata, culminaron esta semana el programa preventivo de la Polic\u00eda Nacional, Educaci\u00f3n y Entrenamiento en Resistencia a las Pandillas ( G.R.E.A.T.), que se llev\u00f3 a cabo durante unas 6 semanas, en dicho plantel educativo. Amable Herrera instructor del [&hellip;]<\/p>\n","protected":false},"author":3,"featured_media":549,"comment_status":"closed","ping_status":"open","sticky":false,"template":"","format":"standard","meta":{"footnotes":""},"categories":[1],"tags":[],"class_list":["post-548","post","type-post","status-publish","format-standard","has-post-thumbnail","hentry","category-noticias"],"_links":{"self":[{"href":"https:\/\/mifavorita.com.pa\/2017\/wp-json\/wp\/v2\/posts\/548","targetHints":{"allow":["GET"]}}],"collection":[{"href":"https:\/\/mifavorita.com.pa\/2017\/wp-json\/wp\/v2\/posts"}],"about":[{"href":"https:\/\/mifavorita.com.pa\/2017\/wp-json\/wp\/v2\/types\/post"}],"author":[{"embeddable":true,"href":"https:\/\/mifavorita.com.pa\/2017\/wp-json\/wp\/v2\/users\/3"}],"replies":[{"embeddable":true,"href":"https:\/\/mifavorita.com.pa\/2017\/wp-json\/wp\/v2\/comments?post=548"}],"version-history":[{"count":1,"href":"https:\/\/mifavorita.com.pa\/2017\/wp-json\/wp\/v2\/posts\/548\/revisions"}],"predecessor-version":[{"id":550,"href":"https:\/\/mifavorita.com.pa\/2017\/wp-json\/wp\/v2\/posts\/548\/revisions\/550"}],"wp:featuredmedia":[{"embeddable":true,"href":"https:\/\/mifavorita.com.pa\/2017\/wp-json\/wp\/v2\/media\/549"}],"wp:attachment":[{"href":"https:\/\/mifavorita.com.pa\/2017\/wp-json\/wp\/v2\/media?parent=548"}],"wp:term":[{"taxonomy":"category","embeddable":true,"href":"https:\/\/mifavorita.com.pa\/2017\/wp-json\/wp\/v2\/categories?post=548"},{"taxonomy":"post_tag","embeddable":true,"href":"https:\/\/mifavorita.com.pa\/2017\/wp-json\/wp\/v2\/tags?post=548"}],"curies":[{"name":"wp","href":"https:\/\/api.w.org\/{rel}","templated":true}]}}