{"id":6205,"date":"2022-09-01T23:27:05","date_gmt":"2022-09-01T23:27:05","guid":{"rendered":"https:\/\/mifavorita.com.pa\/2017\/?p=6205"},"modified":"2022-09-01T23:27:05","modified_gmt":"2022-09-01T23:27:05","slug":"tres-menores-atropelladas-en-anton","status":"publish","type":"post","link":"https:\/\/mifavorita.com.pa\/2017\/tres-menores-atropelladas-en-anton\/","title":{"rendered":"Tres menores atropelladas en Ant\u00f3n"},"content":{"rendered":"\n<p>EDILSA GONZ\u00c1LEZ ROCA<\/p>\n\n\n\n<p>Tres menores heridas fue el resultado de un accidente de tr\u00e1nsito registrado a eso de las dos de la tarde de este jueves 1 de septiembre en la v\u00eda que conduce hacia Juan D\u00edaz de Ant\u00f3n.<\/p>\n\n\n\n<p>Seg\u00fan informaci\u00f3n preliminar las menores que volv\u00edan de su jornada escolar bajaron de un bus y al intentar cruzar la calle fueron arrolladas por un auto sedan que las levant\u00f3 en el aire y callej\u00f3n a un costado de la v\u00eda.<\/p>\n\n\n\n<p>Las ni\u00f1as de 8, 11 y 12 a\u00f1os son estudiantes de la escuela primaria de Juan D\u00edaz y cursan en segundo y sexto grado.<\/p>\n\n\n\n<p>Seg\u00fan informaci\u00f3n de los familiares dos tienen que ser operadas y la otra se encuentra en condici\u00f3n delicada por lo que preliminarmente se evaluaba sus traslado hacia otro hospital.<\/p>\n\n\n\n<p>Maria del Rosario madre y abuela de las tres menores, narr\u00f3 que le fueron avisar a su casa que sus ni\u00f1as hab\u00edan sido golpeadas por un auto, ella corri\u00f3 de sus casa a la calle y cuando lleg\u00f3 se encontr\u00f3 con sus ni\u00f1as tiradas en la calle.<\/p>\n\n\n\n<p>La directora del plantel educativo al igual que el representante del corregimiento de Juan D\u00edaz, Carlos Fern\u00e1ndez pidieron a la Autoridad de Tr\u00e1nsito hacer operativos en el \u00e1rea ya que los conductores no respetan los l\u00edmites de velocidad que est\u00e1n fijados en 60km\/h, aparte que la misma es usada como \u00e1rea de pr\u00e1ctica por personas sin licencia o por escuelas de manejo.  <\/p>\n","protected":false},"excerpt":{"rendered":"<p>EDILSA GONZ\u00c1LEZ ROCA Tres menores heridas fue el resultado de un accidente de tr\u00e1nsito registrado a eso de las dos de la tarde de este jueves 1 de septiembre en la v\u00eda que conduce hacia Juan D\u00edaz de Ant\u00f3n. Seg\u00fan informaci\u00f3n preliminar las menores que volv\u00edan de su jornada escolar bajaron de un bus y [&hellip;]<\/p>\n","protected":false},"author":2,"featured_media":6204,"comment_status":"closed","ping_status":"open","sticky":false,"template":"","format":"standard","meta":{"footnotes":""},"categories":[1],"tags":[],"class_list":["post-6205","post","type-post","status-publish","format-standard","has-post-thumbnail","hentry","category-noticias"],"_links":{"self":[{"href":"https:\/\/mifavorita.com.pa\/2017\/wp-json\/wp\/v2\/posts\/6205","targetHints":{"allow":["GET"]}}],"collection":[{"href":"https:\/\/mifavorita.com.pa\/2017\/wp-json\/wp\/v2\/posts"}],"about":[{"href":"https:\/\/mifavorita.com.pa\/2017\/wp-json\/wp\/v2\/types\/post"}],"author":[{"embeddable":true,"href":"https:\/\/mifavorita.com.pa\/2017\/wp-json\/wp\/v2\/users\/2"}],"replies":[{"embeddable":true,"href":"https:\/\/mifavorita.com.pa\/2017\/wp-json\/wp\/v2\/comments?post=6205"}],"version-history":[{"count":1,"href":"https:\/\/mifavorita.com.pa\/2017\/wp-json\/wp\/v2\/posts\/6205\/revisions"}],"predecessor-version":[{"id":6206,"href":"https:\/\/mifavorita.com.pa\/2017\/wp-json\/wp\/v2\/posts\/6205\/revisions\/6206"}],"wp:featuredmedia":[{"embeddable":true,"href":"https:\/\/mifavorita.com.pa\/2017\/wp-json\/wp\/v2\/media\/6204"}],"wp:attachment":[{"href":"https:\/\/mifavorita.com.pa\/2017\/wp-json\/wp\/v2\/media?parent=6205"}],"wp:term":[{"taxonomy":"category","embeddable":true,"href":"https:\/\/mifavorita.com.pa\/2017\/wp-json\/wp\/v2\/categories?post=6205"},{"taxonomy":"post_tag","embeddable":true,"href":"https:\/\/mifavorita.com.pa\/2017\/wp-json\/wp\/v2\/tags?post=6205"}],"curies":[{"name":"wp","href":"https:\/\/api.w.org\/{rel}","templated":true}]}}