{"id":6209,"date":"2022-09-02T18:34:10","date_gmt":"2022-09-02T18:34:10","guid":{"rendered":"https:\/\/mifavorita.com.pa\/2017\/?p=6209"},"modified":"2022-09-02T18:34:11","modified_gmt":"2022-09-02T18:34:11","slug":"aprehenden-a-sujeto-durante-asalto","status":"publish","type":"post","link":"https:\/\/mifavorita.com.pa\/2017\/aprehenden-a-sujeto-durante-asalto\/","title":{"rendered":"Aprehenden a sujeto durante asalto"},"content":{"rendered":"\n<p>EDILSA GONZ\u00c1LEZ ROCA<\/p>\n\n\n\n<p>COCL\u00c9.<\/p>\n\n\n\n<p>Un sujeto de 21 a\u00f1os de edad y residente en la ciudad capital fue aprehendido por la Polic\u00eda Nacional en el sector de Las Gu\u00edas Oriente de R\u00edo Hato, tras ser alertados mediante una llamada telef\u00f3nica de un robo en un minisuper la madrugada de este viernes 2 de septiembre.<\/p>\n\n\n\n<p>Seg\u00fan se pudo conocer alrededor de cuatro sujetos, ingresaron al Minis\u00faper Gloria, ubicado a orillas de la v\u00eda panamericana, abriendo un boquete en una de las ventanas de ornamentales y ya dentro bajo amenazas con armas de fuego, sometieron a los due\u00f1os del local y procedieron a llevarse art\u00edculos como celulares, dinero y tarjetas de celular. <\/p>\n\n\n\n<figure class=\"wp-block-image size-large\"><img fetchpriority=\"high\" decoding=\"async\" width=\"1024\" height=\"768\" src=\"https:\/\/mifavorita.com.pa\/2017\/wp-content\/uploads\/2022\/09\/img_4897-1024x768.jpg\" class=\"wp-image-6208\" srcset=\"https:\/\/mifavorita.com.pa\/2017\/wp-content\/uploads\/2022\/09\/img_4897-1024x768.jpg 1024w, https:\/\/mifavorita.com.pa\/2017\/wp-content\/uploads\/2022\/09\/img_4897-300x225.jpg 300w, https:\/\/mifavorita.com.pa\/2017\/wp-content\/uploads\/2022\/09\/img_4897-768x576.jpg 768w, https:\/\/mifavorita.com.pa\/2017\/wp-content\/uploads\/2022\/09\/img_4897-1536x1152.jpg 1536w, https:\/\/mifavorita.com.pa\/2017\/wp-content\/uploads\/2022\/09\/img_4897-2048x1536.jpg 2048w, https:\/\/mifavorita.com.pa\/2017\/wp-content\/uploads\/2022\/09\/img_4897-1200x900.jpg 1200w, https:\/\/mifavorita.com.pa\/2017\/wp-content\/uploads\/2022\/09\/img_4897-1980x1485.jpg 1980w\" sizes=\"(max-width: 1024px) 100vw, 1024px\" \/><\/figure>\n\n\n\n<p>Luis Quezada, subcomisionado ejecutivo de la Zona Policial de Cocl\u00e9, detall\u00f3 que gracias a&nbsp;&nbsp;la llamada oportuna&nbsp;&nbsp;de la ciudadan\u00eda se moviliz\u00f3 una patrulla al sitio y al llegar los sujetos emprendieron la huida, por lo que de inmediato se procedi\u00f3 con la persecuci\u00f3n y se logr\u00f3 la captura de uno de ellos.<\/p>\n\n\n\n<p>Inform\u00f3 adem\u00e1s que se logr\u00f3 recuperar art\u00edculos del local que estaban siendo llevados por los delincuentes, adem\u00e1s de un rev\u00f3lver&nbsp;&nbsp;calibre 38 y un arma de fuego tipo r\u00e9plica, todas estas evidencias fueron puestas en manos del Ministerio P\u00fablico que inici\u00f3 la investigaci\u00f3n del caso.<\/p>\n\n\n\n<p>En el local se manten\u00edan tres ciudadanos de ascendencia asi\u00e1tica que afortunadamente no fueron golpeados ni heridos durante el robo, sino sometidos mediante amenazas.<\/p>\n","protected":false},"excerpt":{"rendered":"<p>EDILSA GONZ\u00c1LEZ ROCA COCL\u00c9. Un sujeto de 21 a\u00f1os de edad y residente en la ciudad capital fue aprehendido por la Polic\u00eda Nacional en el sector de Las Gu\u00edas Oriente de R\u00edo Hato, tras ser alertados mediante una llamada telef\u00f3nica de un robo en un minisuper la madrugada de este viernes 2 de septiembre. Seg\u00fan [&hellip;]<\/p>\n","protected":false},"author":2,"featured_media":6207,"comment_status":"closed","ping_status":"open","sticky":false,"template":"","format":"standard","meta":{"footnotes":""},"categories":[1],"tags":[],"class_list":["post-6209","post","type-post","status-publish","format-standard","has-post-thumbnail","hentry","category-noticias"],"_links":{"self":[{"href":"https:\/\/mifavorita.com.pa\/2017\/wp-json\/wp\/v2\/posts\/6209","targetHints":{"allow":["GET"]}}],"collection":[{"href":"https:\/\/mifavorita.com.pa\/2017\/wp-json\/wp\/v2\/posts"}],"about":[{"href":"https:\/\/mifavorita.com.pa\/2017\/wp-json\/wp\/v2\/types\/post"}],"author":[{"embeddable":true,"href":"https:\/\/mifavorita.com.pa\/2017\/wp-json\/wp\/v2\/users\/2"}],"replies":[{"embeddable":true,"href":"https:\/\/mifavorita.com.pa\/2017\/wp-json\/wp\/v2\/comments?post=6209"}],"version-history":[{"count":1,"href":"https:\/\/mifavorita.com.pa\/2017\/wp-json\/wp\/v2\/posts\/6209\/revisions"}],"predecessor-version":[{"id":6210,"href":"https:\/\/mifavorita.com.pa\/2017\/wp-json\/wp\/v2\/posts\/6209\/revisions\/6210"}],"wp:featuredmedia":[{"embeddable":true,"href":"https:\/\/mifavorita.com.pa\/2017\/wp-json\/wp\/v2\/media\/6207"}],"wp:attachment":[{"href":"https:\/\/mifavorita.com.pa\/2017\/wp-json\/wp\/v2\/media?parent=6209"}],"wp:term":[{"taxonomy":"category","embeddable":true,"href":"https:\/\/mifavorita.com.pa\/2017\/wp-json\/wp\/v2\/categories?post=6209"},{"taxonomy":"post_tag","embeddable":true,"href":"https:\/\/mifavorita.com.pa\/2017\/wp-json\/wp\/v2\/tags?post=6209"}],"curies":[{"name":"wp","href":"https:\/\/api.w.org\/{rel}","templated":true}]}}