{"id":6213,"date":"2022-09-02T20:55:45","date_gmt":"2022-09-02T20:55:45","guid":{"rendered":"https:\/\/mifavorita.com.pa\/2017\/?p=6213"},"modified":"2022-09-02T20:55:46","modified_gmt":"2022-09-02T20:55:46","slug":"proyecto-calles-de-penonome-entra-en-su-etapa-final-segun-director-del-mop","status":"publish","type":"post","link":"https:\/\/mifavorita.com.pa\/2017\/proyecto-calles-de-penonome-entra-en-su-etapa-final-segun-director-del-mop\/","title":{"rendered":"PROYECTO CALLES DE PENONOM\u00c9 ENTRA EN SU ETAPA FINAL SEG\u00daN DIRECTOR DEL MOP"},"content":{"rendered":"\n<p>DAMGELA DE LE\u00d3N<\/p>\n\n\n\n<p>El proyecto Calles de Penonom\u00e9 se encuentra en su fase final, y es que casi un 90% de las v\u00edas contempladas&nbsp;en el contrato,&nbsp;han sido culminadas.&nbsp;A\u00fan se mantiene pendiente la&nbsp;finalizaci\u00f3n&nbsp;de 2 puentes, un caj\u00f3n, drenajes y entradas. Como parte&nbsp;del mejoramiento de calles de otros corregimientos que no fueron&nbsp;integrados a&nbsp;este plan, se est\u00e1 a la espera del inicio del&nbsp;proyecto Lave en mano.&nbsp;<\/p>\n\n\n\n<p>As\u00ed lo se\u00f1al\u00f3 Edwin G\u00f3mez, director del MOP en&nbsp;Cocl\u00e9, qui\u00e9n explic\u00f3 lo que&nbsp;falta para culminar algunas obras del proyecto Calles de Penonom\u00e9,&nbsp;y la priorizaci\u00f3n&nbsp;que se le est\u00e1 dando a cada una de ellas, como es el caso de los puentes de El Murcielaguero, que a\u00fan se mantiene en reinstalaci\u00f3n de tuber\u00edas por parte del IDAAN, y el que se ubica cerca al MIDES, que mantiene la instalaci\u00f3n de vigas.<\/p>\n\n\n\n<p>En el caso de la reestructuraci\u00f3n de drenajes y construcci\u00f3n de entradas a las casas por donde se han rehabilitado v\u00edas, se est\u00e1n realizando de manera prioritaria, por lo que, si se solicita en un hogar en donde vive una persona con discapacidad o adultos mayores, se les atiende de forma r\u00e1pida, se\u00f1al\u00f3 el director. <\/p>\n\n\n\n<figure class=\"wp-block-image size-large\"><img fetchpriority=\"high\" decoding=\"async\" width=\"1024\" height=\"768\" src=\"https:\/\/mifavorita.com.pa\/2017\/wp-content\/uploads\/2022\/09\/img_4375-1024x768.jpg\" class=\"wp-image-6212\" srcset=\"https:\/\/mifavorita.com.pa\/2017\/wp-content\/uploads\/2022\/09\/img_4375-1024x768.jpg 1024w, https:\/\/mifavorita.com.pa\/2017\/wp-content\/uploads\/2022\/09\/img_4375-300x225.jpg 300w, https:\/\/mifavorita.com.pa\/2017\/wp-content\/uploads\/2022\/09\/img_4375-768x576.jpg 768w, https:\/\/mifavorita.com.pa\/2017\/wp-content\/uploads\/2022\/09\/img_4375-1536x1152.jpg 1536w, https:\/\/mifavorita.com.pa\/2017\/wp-content\/uploads\/2022\/09\/img_4375-2048x1536.jpg 2048w, https:\/\/mifavorita.com.pa\/2017\/wp-content\/uploads\/2022\/09\/img_4375-1200x900.jpg 1200w, https:\/\/mifavorita.com.pa\/2017\/wp-content\/uploads\/2022\/09\/img_4375-1980x1485.jpg 1980w\" sizes=\"(max-width: 1024px) 100vw, 1024px\" \/><\/figure>\n\n\n\n<p>G\u00f3mez tambi\u00e9n dijo&nbsp;que en Penonom\u00e9 cabecera se contemplan otros proyectos como un intercambiador, un proyecto que mejorar\u00eda la Calle Dami\u00e1n Carles, y otro que&nbsp;optimizar\u00eda&nbsp;las v\u00edas de Villa Arauca y cerca al \u00d3rgano Judicial. El intercambiador&nbsp;est\u00e1 siendo gestionado en el portal Panam\u00e1 Compra, pero faltan detalles por analizar y una serie de evaluaciones t\u00e9cnicas&nbsp;que tomar\u00e1 tiempo.<\/p>\n\n\n\n<p>El proyecto Llave&nbsp;en mano, integrar\u00e1 calles en comunidades como R\u00edo Grande,&nbsp;y&nbsp;ha entrado&nbsp;en una fase de valoraciones t\u00e9cnicas&nbsp;por parte de la empresa encargada, pero est\u00e1 a la espera de la asignaci\u00f3n de recursos por parte del Ministerio de Econom\u00eda y Finanzas, y aunque deb\u00eda&nbsp;haber comenzadotrabajos en agosto o septiembre, seg\u00fan el director del MOP, podr\u00eda iniciar&nbsp;en los&nbsp;\u00faltimos meses del a\u00f1o en curso.&nbsp;<\/p>\n","protected":false},"excerpt":{"rendered":"<p>DAMGELA DE LE\u00d3N El proyecto Calles de Penonom\u00e9 se encuentra en su fase final, y es que casi un 90% de las v\u00edas contempladas&nbsp;en el contrato,&nbsp;han sido culminadas.&nbsp;A\u00fan se mantiene pendiente la&nbsp;finalizaci\u00f3n&nbsp;de 2 puentes, un caj\u00f3n, drenajes y entradas. Como parte&nbsp;del mejoramiento de calles de otros corregimientos que no fueron&nbsp;integrados a&nbsp;este plan, se est\u00e1 a [&hellip;]<\/p>\n","protected":false},"author":2,"featured_media":6211,"comment_status":"closed","ping_status":"open","sticky":false,"template":"","format":"standard","meta":{"footnotes":""},"categories":[1],"tags":[],"class_list":["post-6213","post","type-post","status-publish","format-standard","has-post-thumbnail","hentry","category-noticias"],"_links":{"self":[{"href":"https:\/\/mifavorita.com.pa\/2017\/wp-json\/wp\/v2\/posts\/6213","targetHints":{"allow":["GET"]}}],"collection":[{"href":"https:\/\/mifavorita.com.pa\/2017\/wp-json\/wp\/v2\/posts"}],"about":[{"href":"https:\/\/mifavorita.com.pa\/2017\/wp-json\/wp\/v2\/types\/post"}],"author":[{"embeddable":true,"href":"https:\/\/mifavorita.com.pa\/2017\/wp-json\/wp\/v2\/users\/2"}],"replies":[{"embeddable":true,"href":"https:\/\/mifavorita.com.pa\/2017\/wp-json\/wp\/v2\/comments?post=6213"}],"version-history":[{"count":1,"href":"https:\/\/mifavorita.com.pa\/2017\/wp-json\/wp\/v2\/posts\/6213\/revisions"}],"predecessor-version":[{"id":6214,"href":"https:\/\/mifavorita.com.pa\/2017\/wp-json\/wp\/v2\/posts\/6213\/revisions\/6214"}],"wp:featuredmedia":[{"embeddable":true,"href":"https:\/\/mifavorita.com.pa\/2017\/wp-json\/wp\/v2\/media\/6211"}],"wp:attachment":[{"href":"https:\/\/mifavorita.com.pa\/2017\/wp-json\/wp\/v2\/media?parent=6213"}],"wp:term":[{"taxonomy":"category","embeddable":true,"href":"https:\/\/mifavorita.com.pa\/2017\/wp-json\/wp\/v2\/categories?post=6213"},{"taxonomy":"post_tag","embeddable":true,"href":"https:\/\/mifavorita.com.pa\/2017\/wp-json\/wp\/v2\/tags?post=6213"}],"curies":[{"name":"wp","href":"https:\/\/api.w.org\/{rel}","templated":true}]}}