{"id":6218,"date":"2022-09-02T22:19:12","date_gmt":"2022-09-02T22:19:12","guid":{"rendered":"https:\/\/mifavorita.com.pa\/2017\/?p=6218"},"modified":"2022-09-02T22:19:13","modified_gmt":"2022-09-02T22:19:13","slug":"mides-advierte-el-decomiso-de-tarjetas-clave-social-si-se-observan-anomalias-durante-pagos","status":"publish","type":"post","link":"https:\/\/mifavorita.com.pa\/2017\/mides-advierte-el-decomiso-de-tarjetas-clave-social-si-se-observan-anomalias-durante-pagos\/","title":{"rendered":"MIDES ADVIERTE EL DECOMISO DE TARJETAS CLAVE SOCIAL SI SE OBSERVAN ANOMAL\u00cdAS DURANTE PAGOS"},"content":{"rendered":"\n<p>DAMGELA DE LE\u00d3N<\/p>\n\n\n\n<p>M\u00e1s de 2 millones de balboas han sido destinados&nbsp;para la provincia de Cocl\u00e9&nbsp;para el tercer periodo de pagos de programas sociales del Ministerio de Desarrollo Social, que ser\u00e1n&nbsp;entregados&nbsp;del lunes 5 al viernes 16 de septiembre, a trav\u00e9s la tarjeta&nbsp;Clave Social.&nbsp;<\/p>\n\n\n\n<p>Los beneficiarios de los programas 120 a los 65, \u00c1ngel Guardi\u00e1n y Red de Oportunidades, deber\u00e1n acudir a los cajeros del Banco Nacional o Caja de Ahorros para retirar el dinero dentro de 10 d\u00edas h\u00e1biles, ya que luego de eso, se retorna el excedente al Tesoro Nacional, puesto que no es una cuenta de ahorros.<\/p>\n\n\n\n<figure class=\"wp-block-image size-large\"><img fetchpriority=\"high\" decoding=\"async\" width=\"1024\" height=\"682\" src=\"https:\/\/mifavorita.com.pa\/2017\/wp-content\/uploads\/2022\/09\/210bf2bb-7a3d-452b-ab48-70e852307188-1024x682.jpg\" class=\"wp-image-6216\" srcset=\"https:\/\/mifavorita.com.pa\/2017\/wp-content\/uploads\/2022\/09\/210bf2bb-7a3d-452b-ab48-70e852307188-1024x682.jpg 1024w, https:\/\/mifavorita.com.pa\/2017\/wp-content\/uploads\/2022\/09\/210bf2bb-7a3d-452b-ab48-70e852307188-300x200.jpg 300w, https:\/\/mifavorita.com.pa\/2017\/wp-content\/uploads\/2022\/09\/210bf2bb-7a3d-452b-ab48-70e852307188-768x512.jpg 768w, https:\/\/mifavorita.com.pa\/2017\/wp-content\/uploads\/2022\/09\/210bf2bb-7a3d-452b-ab48-70e852307188-1200x800.jpg 1200w, https:\/\/mifavorita.com.pa\/2017\/wp-content\/uploads\/2022\/09\/210bf2bb-7a3d-452b-ab48-70e852307188.jpg 1280w\" sizes=\"(max-width: 1024px) 100vw, 1024px\" \/><\/figure>\n\n\n\n<p>Estos programas buscan eliminar la brecha econ\u00f3mica que trae consigo la vulnerabilidad social, de manera en que se supere la pobreza. As\u00ed lo indic\u00f3 Reinaldo Hern\u00e1ndez, coordinador de pagos del MIDES en Cocl\u00e9, quien fue enf\u00e1tico en que los beneficiarios deben acudir a los cajeros que se ubican en el Banco Nacional o Caja de Ahorros para ser orientados por los promotores de la entidad,&nbsp;ya que mantienen denuncias de personas inescrupulosas que dicen ser enviados de la entidad y roban el dinero.&nbsp;<\/p>\n\n\n\n<p>Hern\u00e1ndez tambi\u00e9n dijo que se han presentado muchas anomal\u00edas en pasados periodos de pagos, como es el caso de personas de \u00e1reas de dif\u00edcil acceso quienes env\u00edan a una persona con m\u00e1s de 2 tarjetas a retirar el beneficio, aspecto que es incorrecto, y que tendr\u00eda como consecuencia el decomiso de las mismas, ya que: \u201cCada persona tiene un representante legal o persona de confianza, por ende, se debe garantizar que el beneficio llegue a quien realmente se le concedi\u00f3,\u201d indic\u00f3. <\/p>\n\n\n\n<figure class=\"wp-block-image size-large\"><img decoding=\"async\" width=\"1024\" height=\"682\" src=\"https:\/\/mifavorita.com.pa\/2017\/wp-content\/uploads\/2022\/09\/437d3c16-e4cd-4653-b729-60e1fb6018d8-1024x682.jpg\" class=\"wp-image-6217\" srcset=\"https:\/\/mifavorita.com.pa\/2017\/wp-content\/uploads\/2022\/09\/437d3c16-e4cd-4653-b729-60e1fb6018d8-1024x682.jpg 1024w, https:\/\/mifavorita.com.pa\/2017\/wp-content\/uploads\/2022\/09\/437d3c16-e4cd-4653-b729-60e1fb6018d8-300x200.jpg 300w, https:\/\/mifavorita.com.pa\/2017\/wp-content\/uploads\/2022\/09\/437d3c16-e4cd-4653-b729-60e1fb6018d8-768x512.jpg 768w, https:\/\/mifavorita.com.pa\/2017\/wp-content\/uploads\/2022\/09\/437d3c16-e4cd-4653-b729-60e1fb6018d8-1200x800.jpg 1200w, https:\/\/mifavorita.com.pa\/2017\/wp-content\/uploads\/2022\/09\/437d3c16-e4cd-4653-b729-60e1fb6018d8.jpg 1280w\" sizes=\"(max-width: 1024px) 100vw, 1024px\" \/><\/figure>\n\n\n\n<p>Otras de&nbsp;las anomal\u00edas que se presentan&nbsp;es el mal uso del beneficio, por ende, los promotores en conjunto con trabajadores sociales, mantendr\u00e1n vigilancia para evitar que esto ocurra, ya que muchas personas necesitan entrar, por ello, si se comprueba una mala pr\u00e1ctica, el beneficio ser\u00e1 suspendido.<\/p>\n\n\n\n<p>De igual manera, si el beneficiario muere antes de las fechas de pago y el familiar a cargo lo cobra, incurre en un delito, por el cual muchos coclesanos ya han sido condenados, mencion\u00f3 el coordinador.<\/p>\n","protected":false},"excerpt":{"rendered":"<p>DAMGELA DE LE\u00d3N M\u00e1s de 2 millones de balboas han sido destinados&nbsp;para la provincia de Cocl\u00e9&nbsp;para el tercer periodo de pagos de programas sociales del Ministerio de Desarrollo Social, que ser\u00e1n&nbsp;entregados&nbsp;del lunes 5 al viernes 16 de septiembre, a trav\u00e9s la tarjeta&nbsp;Clave Social.&nbsp; Los beneficiarios de los programas 120 a los 65, \u00c1ngel Guardi\u00e1n y [&hellip;]<\/p>\n","protected":false},"author":2,"featured_media":6215,"comment_status":"closed","ping_status":"open","sticky":false,"template":"","format":"standard","meta":{"footnotes":""},"categories":[1],"tags":[],"class_list":["post-6218","post","type-post","status-publish","format-standard","has-post-thumbnail","hentry","category-noticias"],"_links":{"self":[{"href":"https:\/\/mifavorita.com.pa\/2017\/wp-json\/wp\/v2\/posts\/6218","targetHints":{"allow":["GET"]}}],"collection":[{"href":"https:\/\/mifavorita.com.pa\/2017\/wp-json\/wp\/v2\/posts"}],"about":[{"href":"https:\/\/mifavorita.com.pa\/2017\/wp-json\/wp\/v2\/types\/post"}],"author":[{"embeddable":true,"href":"https:\/\/mifavorita.com.pa\/2017\/wp-json\/wp\/v2\/users\/2"}],"replies":[{"embeddable":true,"href":"https:\/\/mifavorita.com.pa\/2017\/wp-json\/wp\/v2\/comments?post=6218"}],"version-history":[{"count":1,"href":"https:\/\/mifavorita.com.pa\/2017\/wp-json\/wp\/v2\/posts\/6218\/revisions"}],"predecessor-version":[{"id":6219,"href":"https:\/\/mifavorita.com.pa\/2017\/wp-json\/wp\/v2\/posts\/6218\/revisions\/6219"}],"wp:featuredmedia":[{"embeddable":true,"href":"https:\/\/mifavorita.com.pa\/2017\/wp-json\/wp\/v2\/media\/6215"}],"wp:attachment":[{"href":"https:\/\/mifavorita.com.pa\/2017\/wp-json\/wp\/v2\/media?parent=6218"}],"wp:term":[{"taxonomy":"category","embeddable":true,"href":"https:\/\/mifavorita.com.pa\/2017\/wp-json\/wp\/v2\/categories?post=6218"},{"taxonomy":"post_tag","embeddable":true,"href":"https:\/\/mifavorita.com.pa\/2017\/wp-json\/wp\/v2\/tags?post=6218"}],"curies":[{"name":"wp","href":"https:\/\/api.w.org\/{rel}","templated":true}]}}