{"id":6225,"date":"2022-09-03T00:44:46","date_gmt":"2022-09-03T00:44:46","guid":{"rendered":"https:\/\/mifavorita.com.pa\/2017\/?p=6225"},"modified":"2022-09-03T00:44:47","modified_gmt":"2022-09-03T00:44:47","slug":"desalojan-colegio-angel-maria-herrera-por-afectacion-de-estudiantes","status":"publish","type":"post","link":"https:\/\/mifavorita.com.pa\/2017\/desalojan-colegio-angel-maria-herrera-por-afectacion-de-estudiantes\/","title":{"rendered":"Desalojan colegio Angel Mar\u00eda Herrera por afectaci\u00f3n de estudiantes"},"content":{"rendered":"\n<p>EDILSA GONZ\u00c1LEZ ROCA<\/p>\n\n\n\n<p>COCL\u00c9.<\/p>\n\n\n\n<p>Tal y como ocurri\u00f3 hace cuatro a\u00f1os, una crisis de ansiedad colectiva, seg\u00fan los que han expresado preliminarmente las autoridades, se apoder\u00f3 de al menos 13 estudiantes del plantel, por lo que el mismo fue desalojado la tarde de este viernes 2 de septiembre.<\/p>\n\n\n\n<p>Eran aproximadamente las 5:20 de la tarde cuando se orden\u00f3 el desalojo del plantel educativo ubicado en la ciudad de Penonom\u00e9 y se llam\u00f3 a las autoridades de socorro debido a que varias estudiantes presentaron s\u00edntomas como dificultad para respirar y ca\u00edan ante la imposibilidad de mantenerse en pie, por lo que cinco de ellas fueron llevadas de inmediato al hospital.<\/p>\n\n\n\n<figure class=\"wp-block-image size-large\"><img fetchpriority=\"high\" decoding=\"async\" width=\"1024\" height=\"461\" src=\"https:\/\/mifavorita.com.pa\/2017\/wp-content\/uploads\/2022\/09\/908d8256-c5e7-4f32-9323-c7aa15a56b81-1024x461.jpg\" class=\"wp-image-6222\" srcset=\"https:\/\/mifavorita.com.pa\/2017\/wp-content\/uploads\/2022\/09\/908d8256-c5e7-4f32-9323-c7aa15a56b81-1024x461.jpg 1024w, https:\/\/mifavorita.com.pa\/2017\/wp-content\/uploads\/2022\/09\/908d8256-c5e7-4f32-9323-c7aa15a56b81-300x135.jpg 300w, https:\/\/mifavorita.com.pa\/2017\/wp-content\/uploads\/2022\/09\/908d8256-c5e7-4f32-9323-c7aa15a56b81-768x346.jpg 768w, https:\/\/mifavorita.com.pa\/2017\/wp-content\/uploads\/2022\/09\/908d8256-c5e7-4f32-9323-c7aa15a56b81-1536x691.jpg 1536w, https:\/\/mifavorita.com.pa\/2017\/wp-content\/uploads\/2022\/09\/908d8256-c5e7-4f32-9323-c7aa15a56b81-1200x540.jpg 1200w, https:\/\/mifavorita.com.pa\/2017\/wp-content\/uploads\/2022\/09\/908d8256-c5e7-4f32-9323-c7aa15a56b81.jpg 1600w\" sizes=\"(max-width: 1024px) 100vw, 1024px\" \/><\/figure>\n\n\n\n<p>Otras fueron sacadas a las puertas del plantel y atendidas por param\u00e9dicos del Sume 911, de los Bomberos y del Sistema Nacional de Protecci\u00f3n Civil que llegaron al sitio para tratar de controlar la situaci\u00f3n<\/p>\n\n\n\n<p>Varias ni\u00f1as ahogadas en llanto, en sillas de rueda y en el suelo sin moverse eran atendidas por los param\u00e9dicos y por sus propios compa\u00f1eros que trataban de calmarlas, sin embargo nadie sab\u00eda a ciencia cierta que les hab\u00eda ocurrido.<\/p>\n\n\n\n<figure class=\"wp-block-image size-large\"><img decoding=\"async\" width=\"1024\" height=\"461\" src=\"https:\/\/mifavorita.com.pa\/2017\/wp-content\/uploads\/2022\/09\/1ddc506b-f087-461c-a32e-2a2595092d86-1024x461.jpg\" class=\"wp-image-6223\" srcset=\"https:\/\/mifavorita.com.pa\/2017\/wp-content\/uploads\/2022\/09\/1ddc506b-f087-461c-a32e-2a2595092d86-1024x461.jpg 1024w, https:\/\/mifavorita.com.pa\/2017\/wp-content\/uploads\/2022\/09\/1ddc506b-f087-461c-a32e-2a2595092d86-300x135.jpg 300w, https:\/\/mifavorita.com.pa\/2017\/wp-content\/uploads\/2022\/09\/1ddc506b-f087-461c-a32e-2a2595092d86-768x346.jpg 768w, https:\/\/mifavorita.com.pa\/2017\/wp-content\/uploads\/2022\/09\/1ddc506b-f087-461c-a32e-2a2595092d86-1536x691.jpg 1536w, https:\/\/mifavorita.com.pa\/2017\/wp-content\/uploads\/2022\/09\/1ddc506b-f087-461c-a32e-2a2595092d86-1200x540.jpg 1200w, https:\/\/mifavorita.com.pa\/2017\/wp-content\/uploads\/2022\/09\/1ddc506b-f087-461c-a32e-2a2595092d86.jpg 1600w\" sizes=\"(max-width: 1024px) 100vw, 1024px\" \/><\/figure>\n\n\n\n<p>Margarita Ducreaux, comandante jefe del Cuerpo de Bombero de Penonom\u00e9 inform\u00f3 que tras la situaci\u00f3n miembros del equipo de seguridad de la entidad, junto a la Polic\u00eda realizaron inspecciones en el pabell\u00f3n y ba\u00f1os donde se gener\u00f3 la situaci\u00f3n y no encontraron evidencias de escapes de gases o sustancias que pudieran afectar a los estudiantes.<\/p>\n\n\n\n<p>Indic\u00f3 que tras la evaluaci\u00f3n de los param\u00e9dicos se determin\u00f3 que estaban afectadas por una crisis de ansiedad colectiva por lo que una vez superaron la misma, fueron enviadas a casas con sus padres que acudieron a buscarlas.<\/p>\n\n\n\n<figure class=\"wp-block-image size-large\"><img decoding=\"async\" width=\"576\" height=\"1024\" src=\"https:\/\/mifavorita.com.pa\/2017\/wp-content\/uploads\/2022\/09\/7034d2ba-8543-48d3-87e3-687805882d07-576x1024.jpg\" class=\"wp-image-6224\" srcset=\"https:\/\/mifavorita.com.pa\/2017\/wp-content\/uploads\/2022\/09\/7034d2ba-8543-48d3-87e3-687805882d07-576x1024.jpg 576w, https:\/\/mifavorita.com.pa\/2017\/wp-content\/uploads\/2022\/09\/7034d2ba-8543-48d3-87e3-687805882d07-169x300.jpg 169w, https:\/\/mifavorita.com.pa\/2017\/wp-content\/uploads\/2022\/09\/7034d2ba-8543-48d3-87e3-687805882d07-768x1365.jpg 768w, https:\/\/mifavorita.com.pa\/2017\/wp-content\/uploads\/2022\/09\/7034d2ba-8543-48d3-87e3-687805882d07-864x1536.jpg 864w, https:\/\/mifavorita.com.pa\/2017\/wp-content\/uploads\/2022\/09\/7034d2ba-8543-48d3-87e3-687805882d07.jpg 900w\" sizes=\"(max-width: 576px) 100vw, 576px\" \/><\/figure>\n\n\n\n<p>La situaci\u00f3n gener\u00f3 preocupaci\u00f3n del resto de los estudiantes que a pesar de la orden de desalojo y retiro a sus residencias permanec\u00edan en el sitio, por lo que fue necesario la presencia de la polic\u00eda de Tr\u00e1nsito para evitar accidentes debido a la gran cantidad de estudiantes en la calle.<\/p>\n\n\n\n<p>La directora regional del Meduca, Marianela G\u00f3mez, se\u00f1al\u00f3 que este fin de semana el colegio permanecer\u00e1 cerrado y se le solicitar\u00e1 a las instancias de seguridad un informe sobre la situaci\u00f3n y si se garantiza que los estudiantes pueden volver de manera segura el lunes se reiniciar\u00e1n las clases y se le dar\u00e1 seguimiento a los estudiantes o grupos afectados con la intervenci\u00f3n del gabinete psicopedag\u00f3gico.<\/p>\n","protected":false},"excerpt":{"rendered":"<p>EDILSA GONZ\u00c1LEZ ROCA COCL\u00c9. Tal y como ocurri\u00f3 hace cuatro a\u00f1os, una crisis de ansiedad colectiva, seg\u00fan los que han expresado preliminarmente las autoridades, se apoder\u00f3 de al menos 13 estudiantes del plantel, por lo que el mismo fue desalojado la tarde de este viernes 2 de septiembre. Eran aproximadamente las 5:20 de la tarde [&hellip;]<\/p>\n","protected":false},"author":2,"featured_media":6221,"comment_status":"closed","ping_status":"open","sticky":false,"template":"","format":"standard","meta":{"footnotes":""},"categories":[1],"tags":[],"class_list":["post-6225","post","type-post","status-publish","format-standard","has-post-thumbnail","hentry","category-noticias"],"_links":{"self":[{"href":"https:\/\/mifavorita.com.pa\/2017\/wp-json\/wp\/v2\/posts\/6225","targetHints":{"allow":["GET"]}}],"collection":[{"href":"https:\/\/mifavorita.com.pa\/2017\/wp-json\/wp\/v2\/posts"}],"about":[{"href":"https:\/\/mifavorita.com.pa\/2017\/wp-json\/wp\/v2\/types\/post"}],"author":[{"embeddable":true,"href":"https:\/\/mifavorita.com.pa\/2017\/wp-json\/wp\/v2\/users\/2"}],"replies":[{"embeddable":true,"href":"https:\/\/mifavorita.com.pa\/2017\/wp-json\/wp\/v2\/comments?post=6225"}],"version-history":[{"count":1,"href":"https:\/\/mifavorita.com.pa\/2017\/wp-json\/wp\/v2\/posts\/6225\/revisions"}],"predecessor-version":[{"id":6226,"href":"https:\/\/mifavorita.com.pa\/2017\/wp-json\/wp\/v2\/posts\/6225\/revisions\/6226"}],"wp:featuredmedia":[{"embeddable":true,"href":"https:\/\/mifavorita.com.pa\/2017\/wp-json\/wp\/v2\/media\/6221"}],"wp:attachment":[{"href":"https:\/\/mifavorita.com.pa\/2017\/wp-json\/wp\/v2\/media?parent=6225"}],"wp:term":[{"taxonomy":"category","embeddable":true,"href":"https:\/\/mifavorita.com.pa\/2017\/wp-json\/wp\/v2\/categories?post=6225"},{"taxonomy":"post_tag","embeddable":true,"href":"https:\/\/mifavorita.com.pa\/2017\/wp-json\/wp\/v2\/tags?post=6225"}],"curies":[{"name":"wp","href":"https:\/\/api.w.org\/{rel}","templated":true}]}}