{"id":6232,"date":"2022-09-05T22:34:48","date_gmt":"2022-09-05T22:34:48","guid":{"rendered":"https:\/\/mifavorita.com.pa\/2017\/?p=6232"},"modified":"2022-09-05T22:34:50","modified_gmt":"2022-09-05T22:34:50","slug":"ordenan-detencion-provisional-a-un-hombre-porrobo-agravado-en-cocle","status":"publish","type":"post","link":"https:\/\/mifavorita.com.pa\/2017\/ordenan-detencion-provisional-a-un-hombre-porrobo-agravado-en-cocle\/","title":{"rendered":"Ordenan detenci\u00f3n provisional a un hombre porrobo agravado en Cocl\u00e9"},"content":{"rendered":"\n<p>EDILSA GONZ\u00c1LEZ ROCA<\/p>\n\n\n\n<p><br>A detenci\u00f3n provisional durante los pr\u00f3ximos seis meses, fue enviado un sujeto de 21 a\u00f1os que el pasado 2 de septiembre, se introdujo en un local comercial ubicado en Las Gu\u00edas Oriente de Ant\u00f3n y junto a otros tres sujetos amenazaron con armas de fuego a sus due\u00f1os y los despojaron de sus pertenencias.<\/p>\n\n\n\n<p>El Ministerio P\u00fablico, a trav\u00e9s de la Secci\u00f3nSegunda de delitos contra el Patrimonio<br>Econ\u00f3mico de la Fiscal\u00eda Regional de Cocl\u00e9, que lleva la investigaci\u00f3n del caso, imput\u00f3 cargos por robo agravado al sospechoso y solicit\u00f3 su detenci\u00f3n, misma que fue ordenada por el juez de garant\u00edas.<\/p>\n\n\n\n<figure class=\"wp-block-image size-large\"><img fetchpriority=\"high\" decoding=\"async\" width=\"1024\" height=\"768\" src=\"https:\/\/mifavorita.com.pa\/2017\/wp-content\/uploads\/2022\/09\/img_4895-1024x768.jpg\" class=\"wp-image-6231\" srcset=\"https:\/\/mifavorita.com.pa\/2017\/wp-content\/uploads\/2022\/09\/img_4895-1024x768.jpg 1024w, https:\/\/mifavorita.com.pa\/2017\/wp-content\/uploads\/2022\/09\/img_4895-300x225.jpg 300w, https:\/\/mifavorita.com.pa\/2017\/wp-content\/uploads\/2022\/09\/img_4895-768x576.jpg 768w, https:\/\/mifavorita.com.pa\/2017\/wp-content\/uploads\/2022\/09\/img_4895-1536x1152.jpg 1536w, https:\/\/mifavorita.com.pa\/2017\/wp-content\/uploads\/2022\/09\/img_4895-2048x1536.jpg 2048w, https:\/\/mifavorita.com.pa\/2017\/wp-content\/uploads\/2022\/09\/img_4895-1200x900.jpg 1200w, https:\/\/mifavorita.com.pa\/2017\/wp-content\/uploads\/2022\/09\/img_4895-1980x1485.jpg 1980w\" sizes=\"(max-width: 1024px) 100vw, 1024px\" \/><\/figure>\n\n\n\n<p>Seg\u00fan se detall\u00f3 en la audiencia de solicitudes m\u00faltiples efectuada en el Sistema Penal Acusatorio de la provincia de Cocl\u00e9, los sujetos amenazaron&nbsp;de muerte&nbsp;con&nbsp;un&nbsp;arma de&nbsp;fuego, a sus v\u00edctimas y lograron&nbsp;sustraer 650 d\u00f3lares en efectivo adem\u00e1s de tel\u00e9fonos celulares&nbsp;y art\u00edculos varios.<\/p>\n\n\n\n<p>El Ministerio P\u00fablico, fue representado en este caso por&nbsp;el&nbsp;fiscal&nbsp;Braulio Luis&nbsp;Guerra Rodr\u00edguez,quien logr\u00f3 acreditar ante el juez de garant\u00edas los riesgos procesales de atentar contra las&nbsp;v\u00edctimas&nbsp;y&nbsp;&nbsp;la gravedad del hecho,&nbsp;lo que&nbsp;fue admitido por eljuez de&nbsp;garant\u00edas,<br \/>Santos Abdiel Nu\u00f1ez, quien orden\u00f3 la detenci\u00f3n del sospechoso.<\/p>\n\n\n\n<p>El Ministerio P\u00fablico tiene el t\u00e9rmino de 6 meses para concluir con la investigaci\u00f3n, en la que est\u00e1 pendiente la aprehensi\u00f3n de los otros supuestos implicados en el hecho punible.<\/p>\n","protected":false},"excerpt":{"rendered":"<p>EDILSA GONZ\u00c1LEZ ROCA A detenci\u00f3n provisional durante los pr\u00f3ximos seis meses, fue enviado un sujeto de 21 a\u00f1os que el pasado 2 de septiembre, se introdujo en un local comercial ubicado en Las Gu\u00edas Oriente de Ant\u00f3n y junto a otros tres sujetos amenazaron con armas de fuego a sus due\u00f1os y los despojaron de [&hellip;]<\/p>\n","protected":false},"author":2,"featured_media":6207,"comment_status":"closed","ping_status":"open","sticky":false,"template":"","format":"standard","meta":{"footnotes":""},"categories":[1],"tags":[],"class_list":["post-6232","post","type-post","status-publish","format-standard","has-post-thumbnail","hentry","category-noticias"],"_links":{"self":[{"href":"https:\/\/mifavorita.com.pa\/2017\/wp-json\/wp\/v2\/posts\/6232","targetHints":{"allow":["GET"]}}],"collection":[{"href":"https:\/\/mifavorita.com.pa\/2017\/wp-json\/wp\/v2\/posts"}],"about":[{"href":"https:\/\/mifavorita.com.pa\/2017\/wp-json\/wp\/v2\/types\/post"}],"author":[{"embeddable":true,"href":"https:\/\/mifavorita.com.pa\/2017\/wp-json\/wp\/v2\/users\/2"}],"replies":[{"embeddable":true,"href":"https:\/\/mifavorita.com.pa\/2017\/wp-json\/wp\/v2\/comments?post=6232"}],"version-history":[{"count":1,"href":"https:\/\/mifavorita.com.pa\/2017\/wp-json\/wp\/v2\/posts\/6232\/revisions"}],"predecessor-version":[{"id":6233,"href":"https:\/\/mifavorita.com.pa\/2017\/wp-json\/wp\/v2\/posts\/6232\/revisions\/6233"}],"wp:featuredmedia":[{"embeddable":true,"href":"https:\/\/mifavorita.com.pa\/2017\/wp-json\/wp\/v2\/media\/6207"}],"wp:attachment":[{"href":"https:\/\/mifavorita.com.pa\/2017\/wp-json\/wp\/v2\/media?parent=6232"}],"wp:term":[{"taxonomy":"category","embeddable":true,"href":"https:\/\/mifavorita.com.pa\/2017\/wp-json\/wp\/v2\/categories?post=6232"},{"taxonomy":"post_tag","embeddable":true,"href":"https:\/\/mifavorita.com.pa\/2017\/wp-json\/wp\/v2\/tags?post=6232"}],"curies":[{"name":"wp","href":"https:\/\/api.w.org\/{rel}","templated":true}]}}