{"id":6237,"date":"2022-09-06T18:21:59","date_gmt":"2022-09-06T18:21:59","guid":{"rendered":"https:\/\/mifavorita.com.pa\/2017\/?p=6237"},"modified":"2022-09-06T18:22:00","modified_gmt":"2022-09-06T18:22:00","slug":"reportan-una-nueva-victima-por-inmersion-en-cocle","status":"publish","type":"post","link":"https:\/\/mifavorita.com.pa\/2017\/reportan-una-nueva-victima-por-inmersion-en-cocle\/","title":{"rendered":"REPORTAN UNA NUEVA V\u00cdCTIMA POR INMERSI\u00d3N EN COCL\u00c9"},"content":{"rendered":"\n<p>Una nueva v\u00edctima por inmersi\u00f3n se dio en la provincia de Cocl\u00e9 este lunes 5 de septiembre, espec\u00edficamente en el sector de Ca\u00f1azas, ubicada en la comunidad de Lourdes del corregimiento de Toabr\u00e9, cuando el se\u00f1or Eufemio Cede\u00f1o S\u00e1nchez, de 50 a\u00f1os de edad, intent\u00f3 cruzar una quebrada siendo sorprendido por una cabeza de agua que lo arrastr\u00f3 provocando el fatal desenlace.<\/p>\n\n\n\n<p><br>Tan pronto el afluente baj\u00f3 su nivel, se organiz\u00f3 por parte de la comunidad su b\u00fasqueda siendo encontrado sin signos vitales por su propio hermano.<br>De inmediato dieron aviso a las autoridades las cuales tras dos horas de una dif\u00edcil traves\u00eda a pie, llegaron al sitio donde se encontraba el occiso para efectuar el levantamiento del cuerpo, labor que finaliz\u00f3 en horas de la noche.<\/p>\n\n\n\n<figure class=\"wp-block-image size-large\"><img fetchpriority=\"high\" decoding=\"async\" width=\"1024\" height=\"768\" src=\"https:\/\/mifavorita.com.pa\/2017\/wp-content\/uploads\/2022\/09\/86f01ba1-7fc6-4332-a457-80a5b74f6688-1024x768.jpg\" class=\"wp-image-6235\" srcset=\"https:\/\/mifavorita.com.pa\/2017\/wp-content\/uploads\/2022\/09\/86f01ba1-7fc6-4332-a457-80a5b74f6688-1024x768.jpg 1024w, https:\/\/mifavorita.com.pa\/2017\/wp-content\/uploads\/2022\/09\/86f01ba1-7fc6-4332-a457-80a5b74f6688-300x225.jpg 300w, https:\/\/mifavorita.com.pa\/2017\/wp-content\/uploads\/2022\/09\/86f01ba1-7fc6-4332-a457-80a5b74f6688-768x576.jpg 768w, https:\/\/mifavorita.com.pa\/2017\/wp-content\/uploads\/2022\/09\/86f01ba1-7fc6-4332-a457-80a5b74f6688-1536x1152.jpg 1536w, https:\/\/mifavorita.com.pa\/2017\/wp-content\/uploads\/2022\/09\/86f01ba1-7fc6-4332-a457-80a5b74f6688-1200x900.jpg 1200w, https:\/\/mifavorita.com.pa\/2017\/wp-content\/uploads\/2022\/09\/86f01ba1-7fc6-4332-a457-80a5b74f6688.jpg 1600w\" sizes=\"(max-width: 1024px) 100vw, 1024px\" \/><\/figure>\n\n\n\n<p><br>En el operativo se movilizaron unidades del Sistema Nacional de Protecci\u00f3n Civil, la Polic\u00eda Nacional, as\u00ed como personal del Ministerio P\u00fablico. <br>Lamentablemente esta persona se convirti\u00f3 en la segunda v\u00edctima por inmersi\u00f3n en lo que va del mes de septiembre en este 2022, ya que el pasado s\u00e1bado se gener\u00f3 una situaci\u00f3n similar cuando otro hombre fue arrastrado por las aguas del r\u00edo San Miguel en la comunidad de Santa Ana.<\/p>\n\n\n\n<figure class=\"wp-block-image size-large\"><img decoding=\"async\" width=\"1024\" height=\"768\" src=\"https:\/\/mifavorita.com.pa\/2017\/wp-content\/uploads\/2022\/09\/1aefa294-57ba-4588-b54f-250955942c20-1024x768.jpg\" class=\"wp-image-6236\" srcset=\"https:\/\/mifavorita.com.pa\/2017\/wp-content\/uploads\/2022\/09\/1aefa294-57ba-4588-b54f-250955942c20-1024x768.jpg 1024w, https:\/\/mifavorita.com.pa\/2017\/wp-content\/uploads\/2022\/09\/1aefa294-57ba-4588-b54f-250955942c20-300x225.jpg 300w, https:\/\/mifavorita.com.pa\/2017\/wp-content\/uploads\/2022\/09\/1aefa294-57ba-4588-b54f-250955942c20-768x576.jpg 768w, https:\/\/mifavorita.com.pa\/2017\/wp-content\/uploads\/2022\/09\/1aefa294-57ba-4588-b54f-250955942c20-1536x1152.jpg 1536w, https:\/\/mifavorita.com.pa\/2017\/wp-content\/uploads\/2022\/09\/1aefa294-57ba-4588-b54f-250955942c20-1200x900.jpg 1200w, https:\/\/mifavorita.com.pa\/2017\/wp-content\/uploads\/2022\/09\/1aefa294-57ba-4588-b54f-250955942c20.jpg 1600w\" sizes=\"(max-width: 1024px) 100vw, 1024px\" \/><\/figure>\n\n\n\n<p><br>Los meteor\u00f3logos del departamento de Hidrometeorolog\u00eda de Etesa, han se\u00f1alado que en estos \u00faltimos meses del a\u00f1o las lluvias se intensificar\u00e1n en nuestro pa\u00eds, por lo que el Sistema Nacional de Protecci\u00f3n Civil le hace el llamado a la poblaci\u00f3n para que se mantengan siempre alerta y evitar cruzar los r\u00edos y quebradas cuando est\u00e1 lloviendo para evitar estas situaciones.<\/p>\n\n\n\n<p><br>Con esta ya son 7 las v\u00edctimas por inmersi\u00f3n en lo que va del a\u00f1o.<br>Los n\u00fameros de emergencia por cualquier situaci\u00f3n son el 520- 4428 al 520-4429 o al 524-3365.<\/p>\n","protected":false},"excerpt":{"rendered":"<p>Una nueva v\u00edctima por inmersi\u00f3n se dio en la provincia de Cocl\u00e9 este lunes 5 de septiembre, espec\u00edficamente en el sector de Ca\u00f1azas, ubicada en la comunidad de Lourdes del corregimiento de Toabr\u00e9, cuando el se\u00f1or Eufemio Cede\u00f1o S\u00e1nchez, de 50 a\u00f1os de edad, intent\u00f3 cruzar una quebrada siendo sorprendido por una cabeza de agua [&hellip;]<\/p>\n","protected":false},"author":2,"featured_media":6234,"comment_status":"closed","ping_status":"open","sticky":false,"template":"","format":"standard","meta":{"footnotes":""},"categories":[1],"tags":[],"class_list":["post-6237","post","type-post","status-publish","format-standard","has-post-thumbnail","hentry","category-noticias"],"_links":{"self":[{"href":"https:\/\/mifavorita.com.pa\/2017\/wp-json\/wp\/v2\/posts\/6237","targetHints":{"allow":["GET"]}}],"collection":[{"href":"https:\/\/mifavorita.com.pa\/2017\/wp-json\/wp\/v2\/posts"}],"about":[{"href":"https:\/\/mifavorita.com.pa\/2017\/wp-json\/wp\/v2\/types\/post"}],"author":[{"embeddable":true,"href":"https:\/\/mifavorita.com.pa\/2017\/wp-json\/wp\/v2\/users\/2"}],"replies":[{"embeddable":true,"href":"https:\/\/mifavorita.com.pa\/2017\/wp-json\/wp\/v2\/comments?post=6237"}],"version-history":[{"count":1,"href":"https:\/\/mifavorita.com.pa\/2017\/wp-json\/wp\/v2\/posts\/6237\/revisions"}],"predecessor-version":[{"id":6238,"href":"https:\/\/mifavorita.com.pa\/2017\/wp-json\/wp\/v2\/posts\/6237\/revisions\/6238"}],"wp:featuredmedia":[{"embeddable":true,"href":"https:\/\/mifavorita.com.pa\/2017\/wp-json\/wp\/v2\/media\/6234"}],"wp:attachment":[{"href":"https:\/\/mifavorita.com.pa\/2017\/wp-json\/wp\/v2\/media?parent=6237"}],"wp:term":[{"taxonomy":"category","embeddable":true,"href":"https:\/\/mifavorita.com.pa\/2017\/wp-json\/wp\/v2\/categories?post=6237"},{"taxonomy":"post_tag","embeddable":true,"href":"https:\/\/mifavorita.com.pa\/2017\/wp-json\/wp\/v2\/tags?post=6237"}],"curies":[{"name":"wp","href":"https:\/\/api.w.org\/{rel}","templated":true}]}}