{"id":6240,"date":"2022-09-06T19:20:17","date_gmt":"2022-09-06T19:20:17","guid":{"rendered":"https:\/\/mifavorita.com.pa\/2017\/?p=6240"},"modified":"2022-09-06T19:20:18","modified_gmt":"2022-09-06T19:20:18","slug":"miviot-abre-convocatoria-para-concurso-de-logo-de-sus-50-anos-de-aniversario","status":"publish","type":"post","link":"https:\/\/mifavorita.com.pa\/2017\/miviot-abre-convocatoria-para-concurso-de-logo-de-sus-50-anos-de-aniversario\/","title":{"rendered":"MIVIOT ABRE CONVOCATORIA PARA CONCURSO DE LOGO DE SUS 50 A\u00d1OS DE ANIVERSARIO"},"content":{"rendered":"\n<p>DAMGELA DE LE\u00d3N<\/p>\n\n\n\n<p>Para conmemorar los 50 a\u00f1os de creaci\u00f3n del Ministerio de Vivienda y Ordenamiento Territorial, la instituci\u00f3n ha organizado un concurso para dise\u00f1ar un logo y eslogan que pueda ser la imagen representativa durante todas las actividades que se lleven a cabo. El MIVIOT fue creado el 25 de enero&nbsp;de 1973&nbsp;mediante&nbsp;la&nbsp;Ley&nbsp;N\u00b0 9.<\/p>\n\n\n\n<p>Este concurso busca&nbsp;visibilizar el trabajo que ha llevado este Ministerio durante todos estos a\u00f1os, que es garantizar&nbsp;el derecho social de una vivienda a los ciudadanos del pa\u00eds.&nbsp;El concurso est\u00e1 dirigido a estudiantes que cursen el \u00faltimo a\u00f1o de las carreras de Arquitectura y Dise\u00f1o Gr\u00e1fico de Universidades p\u00fablicas y privadas de todo el pa\u00eds.&nbsp;<\/p>\n\n\n\n<p>As\u00ed lo se\u00f1al\u00f3 Elicenia&nbsp;Magall\u00f3n, funcionaria del MIVIOT, quien agreg\u00f3 que dentro de la convocatoria del&nbsp;concurso est\u00e1: que el logo refleje el car\u00e1cter social de la instituci\u00f3n y su funci\u00f3n como regente de viviendas, que sea sencillo de identificar, que combine con el logotipo actual y que sea postulado de forma individual.<\/p>\n\n\n\n<p>Tambi\u00e9n se\u00f1al\u00f3 las bases:&nbsp;originalidad y que sea in\u00e9dito, el uso m\u00e1ximo de 3 colores, dise\u00f1o adaptable a diferentes formas de reproducci\u00f3n, modelo en blanco y negro o escala de grises, escala vectorial, y, que una vez enviado, no puede ser retirado del concurso.&nbsp;<\/p>\n\n\n\n<p>El ganador de este concurso ser\u00e1 acreedor a 1 a\u00f1o de pasant\u00eda pagada en el MIVIOT, teniendo la oportunidad de un primer&nbsp;<a><\/a>contacto&nbsp;con el mundo laboral. Los dise\u00f1os deben ser enviados al correo de la instituci\u00f3n, desde el 1 de septiembre hasta el 15 de octubre del 2022.&nbsp;<\/p>\n\n\n\n<p>La funcionaria tambi\u00e9n dijo que es importante que quienes participen no sean colaboradores de la instituci\u00f3n o mantengan alg\u00fan tipo de v\u00ednculo familiar. se est\u00e1n planificando m\u00faltiples actividades para conmemorar el cincuentenario del Ministerio en enero del 2023.<\/p>\n\n\n\n<p>Se les exhorta a todos los estudiantes coclesanos interesados, acceder al portal web <a href=\"http:\/\/www.miviot.gob.pa\/concursomiviot\/\">www.miviot.gob.pa\/concursomiviot\/<\/a>para que obtengan m\u00e1s informaci\u00f3n, y tengan la oportunidad de ganar. <\/p>\n","protected":false},"excerpt":{"rendered":"<p>DAMGELA DE LE\u00d3N Para conmemorar los 50 a\u00f1os de creaci\u00f3n del Ministerio de Vivienda y Ordenamiento Territorial, la instituci\u00f3n ha organizado un concurso para dise\u00f1ar un logo y eslogan que pueda ser la imagen representativa durante todas las actividades que se lleven a cabo. El MIVIOT fue creado el 25 de enero&nbsp;de 1973&nbsp;mediante&nbsp;la&nbsp;Ley&nbsp;N\u00b0 9. Este [&hellip;]<\/p>\n","protected":false},"author":2,"featured_media":6239,"comment_status":"closed","ping_status":"open","sticky":false,"template":"","format":"standard","meta":{"footnotes":""},"categories":[1],"tags":[],"class_list":["post-6240","post","type-post","status-publish","format-standard","has-post-thumbnail","hentry","category-noticias"],"_links":{"self":[{"href":"https:\/\/mifavorita.com.pa\/2017\/wp-json\/wp\/v2\/posts\/6240","targetHints":{"allow":["GET"]}}],"collection":[{"href":"https:\/\/mifavorita.com.pa\/2017\/wp-json\/wp\/v2\/posts"}],"about":[{"href":"https:\/\/mifavorita.com.pa\/2017\/wp-json\/wp\/v2\/types\/post"}],"author":[{"embeddable":true,"href":"https:\/\/mifavorita.com.pa\/2017\/wp-json\/wp\/v2\/users\/2"}],"replies":[{"embeddable":true,"href":"https:\/\/mifavorita.com.pa\/2017\/wp-json\/wp\/v2\/comments?post=6240"}],"version-history":[{"count":1,"href":"https:\/\/mifavorita.com.pa\/2017\/wp-json\/wp\/v2\/posts\/6240\/revisions"}],"predecessor-version":[{"id":6241,"href":"https:\/\/mifavorita.com.pa\/2017\/wp-json\/wp\/v2\/posts\/6240\/revisions\/6241"}],"wp:featuredmedia":[{"embeddable":true,"href":"https:\/\/mifavorita.com.pa\/2017\/wp-json\/wp\/v2\/media\/6239"}],"wp:attachment":[{"href":"https:\/\/mifavorita.com.pa\/2017\/wp-json\/wp\/v2\/media?parent=6240"}],"wp:term":[{"taxonomy":"category","embeddable":true,"href":"https:\/\/mifavorita.com.pa\/2017\/wp-json\/wp\/v2\/categories?post=6240"},{"taxonomy":"post_tag","embeddable":true,"href":"https:\/\/mifavorita.com.pa\/2017\/wp-json\/wp\/v2\/tags?post=6240"}],"curies":[{"name":"wp","href":"https:\/\/api.w.org\/{rel}","templated":true}]}}