{"id":6245,"date":"2022-09-06T20:38:47","date_gmt":"2022-09-06T20:38:47","guid":{"rendered":"https:\/\/mifavorita.com.pa\/2017\/?p=6245"},"modified":"2022-09-06T20:38:50","modified_gmt":"2022-09-06T20:38:50","slug":"ordenan-medida-cautelar-a-sujeto-por-agredir-a-miembro-de-la-fuerza-publica","status":"publish","type":"post","link":"https:\/\/mifavorita.com.pa\/2017\/ordenan-medida-cautelar-a-sujeto-por-agredir-a-miembro-de-la-fuerza-publica\/","title":{"rendered":"ORDENAN MEDIDA CAUTELAR A SUJETO POR AGREDIR A MIEMBRO DE LA FUERZA P\u00daBLICA"},"content":{"rendered":"\n<p>DAR\u00cdO FERN\u00c1NDEZ ALZAMORA<\/p>\n\n\n\n<p>Una medida cautelar de reporte los d\u00edas 30 de cada mes orden\u00f3 un juez de garant\u00edas a un sujeto de 27 a\u00f1os de edad por causarle lesiones personales a un miembro de la Fuerza P\u00fablica en cumplimiento de su deber.<\/p>\n\n\n\n<p><br>Los hechos se dieron la madrugada del pasado 4 de septiembre, cuando el polic\u00eda fue herido durante el ejercicio de su labor al tratar de frenar una ri\u00f1a que se dio a las afueras de una discoteca ubicada en la calle Dami\u00e1n Carles de la ciudad de Penonom\u00e9, por lo que tuvo que ser llevado al hospital Aquilino Tejeira en busca de atenci\u00f3n m\u00e9dica.<\/p>\n\n\n\n<figure class=\"wp-block-image size-large\"><img fetchpriority=\"high\" decoding=\"async\" width=\"1024\" height=\"725\" src=\"https:\/\/mifavorita.com.pa\/2017\/wp-content\/uploads\/2022\/09\/img_5307-1024x725.jpg\" class=\"wp-image-6243\" srcset=\"https:\/\/mifavorita.com.pa\/2017\/wp-content\/uploads\/2022\/09\/img_5307-1024x725.jpg 1024w, https:\/\/mifavorita.com.pa\/2017\/wp-content\/uploads\/2022\/09\/img_5307-300x212.jpg 300w, https:\/\/mifavorita.com.pa\/2017\/wp-content\/uploads\/2022\/09\/img_5307-768x544.jpg 768w, https:\/\/mifavorita.com.pa\/2017\/wp-content\/uploads\/2022\/09\/img_5307.jpg 1170w\" sizes=\"(max-width: 1024px) 100vw, 1024px\" \/><\/figure>\n\n\n\n<p><br>Desde el momento de la imputaci\u00f3n, el Ministerio P\u00fablico tiene seis meses para llevar a cabo una investigaci\u00f3n que arroje elementos suficientes para lograr la acusaci\u00f3n del imputado.<\/p>\n\n\n\n<figure class=\"wp-block-image size-large\"><img decoding=\"async\" width=\"1024\" height=\"523\" src=\"https:\/\/mifavorita.com.pa\/2017\/wp-content\/uploads\/2022\/09\/img_5306-1024x523.jpg\" class=\"wp-image-6244\" srcset=\"https:\/\/mifavorita.com.pa\/2017\/wp-content\/uploads\/2022\/09\/img_5306-1024x523.jpg 1024w, https:\/\/mifavorita.com.pa\/2017\/wp-content\/uploads\/2022\/09\/img_5306-300x153.jpg 300w, https:\/\/mifavorita.com.pa\/2017\/wp-content\/uploads\/2022\/09\/img_5306-768x392.jpg 768w, https:\/\/mifavorita.com.pa\/2017\/wp-content\/uploads\/2022\/09\/img_5306.jpg 1170w\" sizes=\"(max-width: 1024px) 100vw, 1024px\" \/><\/figure>\n\n\n\n<p><br>El art\u00edculo 140 del c\u00f3digo procesal penal de la Rep\u00fablica de Panam\u00e1 se\u00f1ala que quien cause una lesi\u00f3n a un miembro de la Fuerza P\u00fablica, del \u00d3rgano Judicial, Ministerio P\u00fablico, Aduanas y cualquier otro estamento de seguridad por la naturaleza de las funciones que desempe\u00f1a, a causa de su empleo o como consecuencia de la ejecuci\u00f3n de su trabajo, que produzca incapacidad no mayor de 30 d\u00edas, ser\u00e1 sancionado con dos a\u00f1os de prisi\u00f3n.<\/p>\n\n\n\n<p><br>Por tratarse de un delito desistible, ambas partes pueden llegar a una mediaci\u00f3n, en donde las v\u00edctimas de esta clase de delito pueden ser resarcidas econ\u00f3micamente.<\/p>\n","protected":false},"excerpt":{"rendered":"<p>DAR\u00cdO FERN\u00c1NDEZ ALZAMORA Una medida cautelar de reporte los d\u00edas 30 de cada mes orden\u00f3 un juez de garant\u00edas a un sujeto de 27 a\u00f1os de edad por causarle lesiones personales a un miembro de la Fuerza P\u00fablica en cumplimiento de su deber. Los hechos se dieron la madrugada del pasado 4 de septiembre, cuando [&hellip;]<\/p>\n","protected":false},"author":2,"featured_media":6242,"comment_status":"closed","ping_status":"open","sticky":false,"template":"","format":"standard","meta":{"footnotes":""},"categories":[1],"tags":[],"class_list":["post-6245","post","type-post","status-publish","format-standard","has-post-thumbnail","hentry","category-noticias"],"_links":{"self":[{"href":"https:\/\/mifavorita.com.pa\/2017\/wp-json\/wp\/v2\/posts\/6245","targetHints":{"allow":["GET"]}}],"collection":[{"href":"https:\/\/mifavorita.com.pa\/2017\/wp-json\/wp\/v2\/posts"}],"about":[{"href":"https:\/\/mifavorita.com.pa\/2017\/wp-json\/wp\/v2\/types\/post"}],"author":[{"embeddable":true,"href":"https:\/\/mifavorita.com.pa\/2017\/wp-json\/wp\/v2\/users\/2"}],"replies":[{"embeddable":true,"href":"https:\/\/mifavorita.com.pa\/2017\/wp-json\/wp\/v2\/comments?post=6245"}],"version-history":[{"count":1,"href":"https:\/\/mifavorita.com.pa\/2017\/wp-json\/wp\/v2\/posts\/6245\/revisions"}],"predecessor-version":[{"id":6246,"href":"https:\/\/mifavorita.com.pa\/2017\/wp-json\/wp\/v2\/posts\/6245\/revisions\/6246"}],"wp:featuredmedia":[{"embeddable":true,"href":"https:\/\/mifavorita.com.pa\/2017\/wp-json\/wp\/v2\/media\/6242"}],"wp:attachment":[{"href":"https:\/\/mifavorita.com.pa\/2017\/wp-json\/wp\/v2\/media?parent=6245"}],"wp:term":[{"taxonomy":"category","embeddable":true,"href":"https:\/\/mifavorita.com.pa\/2017\/wp-json\/wp\/v2\/categories?post=6245"},{"taxonomy":"post_tag","embeddable":true,"href":"https:\/\/mifavorita.com.pa\/2017\/wp-json\/wp\/v2\/tags?post=6245"}],"curies":[{"name":"wp","href":"https:\/\/api.w.org\/{rel}","templated":true}]}}