{"id":6252,"date":"2022-09-07T23:47:51","date_gmt":"2022-09-07T23:47:51","guid":{"rendered":"https:\/\/mifavorita.com.pa\/2017\/?p=6252"},"modified":"2022-09-07T23:47:52","modified_gmt":"2022-09-07T23:47:52","slug":"contadores-publicos-ya-no-necesitan-de-abogados-para-realizar-su-solicitud-de-idoneidad","status":"publish","type":"post","link":"https:\/\/mifavorita.com.pa\/2017\/contadores-publicos-ya-no-necesitan-de-abogados-para-realizar-su-solicitud-de-idoneidad\/","title":{"rendered":"CONTADORES P\u00daBLICOS YA NO NECESITAN DE ABOGADOS PARA REALIZAR SU SOLICITUD DE IDONEIDAD"},"content":{"rendered":"\n<p>DAMGELA DE LE\u00d3N<\/p>\n\n\n\n<p>Poder tramitar la idoneidad sin necesidad de un abogado, declaraci\u00f3n jurada que indique el no haber cometido delitos o mantenido condenas desde hace 7 a\u00f1os, una&nbsp;declaraci\u00f3n notariada,&nbsp;son parte de los&nbsp;nuevos requisitos&nbsp;que se les aplican a los contadores p\u00fablicos para solicitar su licencia. Esto, debido a las disposiciones descritas en la Ley 280 de 30 de diciembre de 2021,&nbsp;que deroga a la Ley 57 de septiembre de 1978,&nbsp;que los regula.&nbsp;<\/p>\n\n\n\n<p>As\u00ed lo se\u00f1al\u00f3 Mario Alzamora, director regional del Ministerio de Comercio e Industrias en Cocl\u00e9, quien explic\u00f3 que muchos siguen asistiendo a las oficinas de la instituci\u00f3n con requisitos de la antigua ley, y deben realizar sus tr\u00e1mites nuevamente, ya que, al ser enviados a la capital para otorgar la licencia, son retornados porque deben cumplir con los par\u00e1metros actuales. <\/p>\n\n\n\n<figure class=\"wp-block-image size-large\"><img fetchpriority=\"high\" decoding=\"async\" width=\"768\" height=\"1024\" src=\"https:\/\/mifavorita.com.pa\/2017\/wp-content\/uploads\/2022\/09\/c57b3a40-03e7-469d-bc15-9dbf5f4a9cdb-768x1024.jpg\" class=\"wp-image-6251\" srcset=\"https:\/\/mifavorita.com.pa\/2017\/wp-content\/uploads\/2022\/09\/c57b3a40-03e7-469d-bc15-9dbf5f4a9cdb-768x1024.jpg 768w, https:\/\/mifavorita.com.pa\/2017\/wp-content\/uploads\/2022\/09\/c57b3a40-03e7-469d-bc15-9dbf5f4a9cdb-225x300.jpg 225w, https:\/\/mifavorita.com.pa\/2017\/wp-content\/uploads\/2022\/09\/c57b3a40-03e7-469d-bc15-9dbf5f4a9cdb-1152x1536.jpg 1152w, https:\/\/mifavorita.com.pa\/2017\/wp-content\/uploads\/2022\/09\/c57b3a40-03e7-469d-bc15-9dbf5f4a9cdb.jpg 1200w\" sizes=\"(max-width: 768px) 100vw, 768px\" \/><figcaption class=\"wp-element-caption\">Mario Alzamora, Director Regional del Ministerio de Comercio e Industrias en Cocl\u00e9,<\/figcaption><\/figure>\n\n\n\n<p>Los documentos que deben llevar los reci\u00e9n egresados son:una copia del diploma y el original&nbsp;para verificaci\u00f3n, certificado de nacimiento actualizado con 3 ba<a><\/a>lboas en timbres,&nbsp;fotocopia simple de la c\u00e9dula,&nbsp;se&nbsp;deben incluir&nbsp;2 fotos tama\u00f1o carnet, el recibo de pago al&nbsp;cal\u00edgrafo, a trav\u00e9s de un dep\u00f3sito bancario, y 25 balboas en timbres pagados a la Direcci\u00f3n General de Ingresos.<\/p>\n\n\n\n<p>El director tambi\u00e9n indic\u00f3&nbsp;que a los&nbsp;peticionarios&nbsp;se les otorga un certificado, la resoluci\u00f3n que incluye el n\u00famero de idoneidad, y el carnet de identificaci\u00f3n como contador p\u00fablico autorizado.&nbsp;<\/p>\n\n\n\n<p>En el caso de Cocl\u00e9, los interesados pueden acercarse a las oficinas en la v\u00eda Interamericana a un costado del Hospital Aquilino Tejeira en Penonom\u00e9, o llamar al tel\u00e9fono 906-1520. El MICI brinda docencia acerca de los nuevos par\u00e1metros que se han incluido para evitar gastos innecesarios en tr\u00e1mites y que se prolongue el proceso para solicitar la idoneidad.<\/p>\n","protected":false},"excerpt":{"rendered":"<p>DAMGELA DE LE\u00d3N Poder tramitar la idoneidad sin necesidad de un abogado, declaraci\u00f3n jurada que indique el no haber cometido delitos o mantenido condenas desde hace 7 a\u00f1os, una&nbsp;declaraci\u00f3n notariada,&nbsp;son parte de los&nbsp;nuevos requisitos&nbsp;que se les aplican a los contadores p\u00fablicos para solicitar su licencia. Esto, debido a las disposiciones descritas en la Ley 280 [&hellip;]<\/p>\n","protected":false},"author":2,"featured_media":6250,"comment_status":"closed","ping_status":"open","sticky":false,"template":"","format":"standard","meta":{"footnotes":""},"categories":[1],"tags":[],"class_list":["post-6252","post","type-post","status-publish","format-standard","has-post-thumbnail","hentry","category-noticias"],"_links":{"self":[{"href":"https:\/\/mifavorita.com.pa\/2017\/wp-json\/wp\/v2\/posts\/6252","targetHints":{"allow":["GET"]}}],"collection":[{"href":"https:\/\/mifavorita.com.pa\/2017\/wp-json\/wp\/v2\/posts"}],"about":[{"href":"https:\/\/mifavorita.com.pa\/2017\/wp-json\/wp\/v2\/types\/post"}],"author":[{"embeddable":true,"href":"https:\/\/mifavorita.com.pa\/2017\/wp-json\/wp\/v2\/users\/2"}],"replies":[{"embeddable":true,"href":"https:\/\/mifavorita.com.pa\/2017\/wp-json\/wp\/v2\/comments?post=6252"}],"version-history":[{"count":1,"href":"https:\/\/mifavorita.com.pa\/2017\/wp-json\/wp\/v2\/posts\/6252\/revisions"}],"predecessor-version":[{"id":6253,"href":"https:\/\/mifavorita.com.pa\/2017\/wp-json\/wp\/v2\/posts\/6252\/revisions\/6253"}],"wp:featuredmedia":[{"embeddable":true,"href":"https:\/\/mifavorita.com.pa\/2017\/wp-json\/wp\/v2\/media\/6250"}],"wp:attachment":[{"href":"https:\/\/mifavorita.com.pa\/2017\/wp-json\/wp\/v2\/media?parent=6252"}],"wp:term":[{"taxonomy":"category","embeddable":true,"href":"https:\/\/mifavorita.com.pa\/2017\/wp-json\/wp\/v2\/categories?post=6252"},{"taxonomy":"post_tag","embeddable":true,"href":"https:\/\/mifavorita.com.pa\/2017\/wp-json\/wp\/v2\/tags?post=6252"}],"curies":[{"name":"wp","href":"https:\/\/api.w.org\/{rel}","templated":true}]}}