{"id":6263,"date":"2022-09-09T21:55:07","date_gmt":"2022-09-09T21:55:07","guid":{"rendered":"https:\/\/mifavorita.com.pa\/2017\/?p=6263"},"modified":"2022-09-09T21:55:10","modified_gmt":"2022-09-09T21:55:10","slug":"inauguran-nuevo-centro-de-formacion-de-profesionales-industriales","status":"publish","type":"post","link":"https:\/\/mifavorita.com.pa\/2017\/inauguran-nuevo-centro-de-formacion-de-profesionales-industriales\/","title":{"rendered":"INAUGURAN NUEVO CENTRO DE FORMACI\u00d3N DE PROFESIONALES INDUSTRIALES"},"content":{"rendered":"\n<p>DAR\u00cdO FERN\u00c1NDEZ ALZAMORA<\/p>\n\n\n\n<p>Un moderno Centro de Formaci\u00f3n de Profesionales Industriales que brindar\u00e1 educaci\u00f3n formal y de forma gratuita a personas entre 18 y 35 a\u00f1os, y que tiene como prop\u00f3sito la preparaci\u00f3n de t\u00e9cnicos especializados para el sector industrial minero, fue inaugurado este viernes 9 de septiembre en el distrito de La Pintada con una inversi\u00f3n de 5.3 millones de d\u00f3lares por parte de la empresa Cobre Panam\u00e1.<\/p>\n\n\n\n<p><br>La nueva instalaci\u00f3n educativa cuenta con seis aulas te\u00f3ricas, cinco talleres de pr\u00e1ctica provistos con modernos equipos especializados, sal\u00f3n audiovisual, aula de inform\u00e1tica con conexi\u00f3n a internet de alta velocidad, un sal\u00f3n de simulaci\u00f3n de neum\u00e1tica e hidr\u00e1ulica, as\u00ed como otras facilidades y zonas comunes en espacios abiertos con inmobiliario, todo esto en un \u00e1rea de 2 mil 238 metros cuadrados.<\/p>\n\n\n\n<figure class=\"wp-block-image size-large\"><img fetchpriority=\"high\" decoding=\"async\" width=\"1024\" height=\"768\" src=\"https:\/\/mifavorita.com.pa\/2017\/wp-content\/uploads\/2022\/09\/img_5548-1024x768.jpg\" class=\"wp-image-6260\" srcset=\"https:\/\/mifavorita.com.pa\/2017\/wp-content\/uploads\/2022\/09\/img_5548-1024x768.jpg 1024w, https:\/\/mifavorita.com.pa\/2017\/wp-content\/uploads\/2022\/09\/img_5548-300x225.jpg 300w, https:\/\/mifavorita.com.pa\/2017\/wp-content\/uploads\/2022\/09\/img_5548-768x576.jpg 768w, https:\/\/mifavorita.com.pa\/2017\/wp-content\/uploads\/2022\/09\/img_5548-1536x1152.jpg 1536w, https:\/\/mifavorita.com.pa\/2017\/wp-content\/uploads\/2022\/09\/img_5548-2048x1536.jpg 2048w, https:\/\/mifavorita.com.pa\/2017\/wp-content\/uploads\/2022\/09\/img_5548-1200x900.jpg 1200w, https:\/\/mifavorita.com.pa\/2017\/wp-content\/uploads\/2022\/09\/img_5548-1980x1485.jpg 1980w\" sizes=\"(max-width: 1024px) 100vw, 1024px\" \/><\/figure>\n\n\n\n<p><br>Entre las carreras t\u00e9cnicas que brinda el Centro, todas avaladas por el INADHE, est\u00e1n la soldadura especializada, mec\u00e1nica industrial, instrumentaci\u00f3n, mec\u00e1nica di\u00e9sel y electricidad; cuyos estudiantes no solo saldr\u00e1n capacitados para ejercer labores dentro de la minera, ya que estas carreras les dan la oportunidad de trabajar en otras empresas, incluso contratistas del proyecto, o de manera independiente como emprendedores debido a su especialidad.<\/p>\n\n\n\n<p><br>Doris Zapata, Ministra de Trabajo y Desarrollo Laboral manifest\u00f3 que las carreras que se brindan en dicho centro, no se visualizaban anteriormente en el pa\u00eds, y que es importante que iniciativas como estas se sigan implementando ya que hay variedad en el mercado laboral paname\u00f1o que requieren de profesionales como los que est\u00e1n surgiendo en estos procesos de formaci\u00f3n.<\/p>\n\n\n\n<figure class=\"wp-block-image size-large\"><img decoding=\"async\" width=\"1024\" height=\"768\" src=\"https:\/\/mifavorita.com.pa\/2017\/wp-content\/uploads\/2022\/09\/img_5529-1024x768.jpg\" class=\"wp-image-6261\" srcset=\"https:\/\/mifavorita.com.pa\/2017\/wp-content\/uploads\/2022\/09\/img_5529-1024x768.jpg 1024w, https:\/\/mifavorita.com.pa\/2017\/wp-content\/uploads\/2022\/09\/img_5529-300x225.jpg 300w, https:\/\/mifavorita.com.pa\/2017\/wp-content\/uploads\/2022\/09\/img_5529-768x576.jpg 768w, https:\/\/mifavorita.com.pa\/2017\/wp-content\/uploads\/2022\/09\/img_5529-1536x1152.jpg 1536w, https:\/\/mifavorita.com.pa\/2017\/wp-content\/uploads\/2022\/09\/img_5529-2048x1536.jpg 2048w, https:\/\/mifavorita.com.pa\/2017\/wp-content\/uploads\/2022\/09\/img_5529-1200x900.jpg 1200w, https:\/\/mifavorita.com.pa\/2017\/wp-content\/uploads\/2022\/09\/img_5529-1980x1485.jpg 1980w\" sizes=\"(max-width: 1024px) 100vw, 1024px\" \/><\/figure>\n\n\n\n<p><br>Calific\u00f3 de estrat\u00e9gica e importante este tipo de alianzas p\u00fablico privadas, donde el Gobierno sirve de facilitador otorgando garant\u00edas para que estas empresas puedan seguir invirtiendo, capacitando, y que el Gobierno pueda seguir ampliando las actividades econ\u00f3micas en el pa\u00eds.<br>La Ministra destac\u00f3 la participaci\u00f3n femenina en estas carreras indicando que se rompen paradigmas, y demuestra que las mujeres no tienen l\u00edmites, enfrentando cualquier reto que se les puede presentar en el pa\u00eds.<\/p>\n\n\n\n<p><br>Para el gerente de relaciones laborales y desarrollo regional de Cobre Panam\u00e1, Alexander Gabarrete Linares, se brindan nuevas oportunidades de aprendizaje para las zonas vecinas al proyecto minero en donde a los j\u00f3venes se les ofrecen estos cursos con duraci\u00f3n de dos a\u00f1os con capacidad para atender 150 personas anualmente.<\/p>\n\n\n\n<figure class=\"wp-block-image size-large\"><img decoding=\"async\" width=\"1024\" height=\"768\" src=\"https:\/\/mifavorita.com.pa\/2017\/wp-content\/uploads\/2022\/09\/img_5527-1024x768.jpg\" class=\"wp-image-6262\" srcset=\"https:\/\/mifavorita.com.pa\/2017\/wp-content\/uploads\/2022\/09\/img_5527-1024x768.jpg 1024w, https:\/\/mifavorita.com.pa\/2017\/wp-content\/uploads\/2022\/09\/img_5527-300x225.jpg 300w, https:\/\/mifavorita.com.pa\/2017\/wp-content\/uploads\/2022\/09\/img_5527-768x576.jpg 768w, https:\/\/mifavorita.com.pa\/2017\/wp-content\/uploads\/2022\/09\/img_5527-1536x1152.jpg 1536w, https:\/\/mifavorita.com.pa\/2017\/wp-content\/uploads\/2022\/09\/img_5527-2048x1536.jpg 2048w, https:\/\/mifavorita.com.pa\/2017\/wp-content\/uploads\/2022\/09\/img_5527-1200x900.jpg 1200w, https:\/\/mifavorita.com.pa\/2017\/wp-content\/uploads\/2022\/09\/img_5527-1980x1485.jpg 1980w\" sizes=\"(max-width: 1024px) 100vw, 1024px\" \/><\/figure>\n\n\n\n<p><br>Manifest\u00f3 que se trata de cupos limitados, y por ello se deben hacer pruebas para poder aplicar, una vez que se cumple satisfactoriamente, se escogen los mejores puntajes, dando la oportunidad de ingresar 75 estudiantes por semestre. La oportunidad de trabajo no es de manera inmediata pero si est\u00e1n sujetas a vacantes indic\u00f3.<\/p>\n\n\n\n<p><br>Aris Agust\u00edn Gonz\u00e1lez, estudiante destacado de soldadura especializada y residente del sector de Coclesito, dijo sentirse muy orgulloso por haber aprovechado de manera satisfactoria sus cursos en estas oportunidades que se les brinda a los j\u00f3venes de las 22 comunidades impactadas por la minera, por los que les hizo un llamado para no desaprovecharlas.<\/p>\n","protected":false},"excerpt":{"rendered":"<p>DAR\u00cdO FERN\u00c1NDEZ ALZAMORA Un moderno Centro de Formaci\u00f3n de Profesionales Industriales que brindar\u00e1 educaci\u00f3n formal y de forma gratuita a personas entre 18 y 35 a\u00f1os, y que tiene como prop\u00f3sito la preparaci\u00f3n de t\u00e9cnicos especializados para el sector industrial minero, fue inaugurado este viernes 9 de septiembre en el distrito de La Pintada con [&hellip;]<\/p>\n","protected":false},"author":2,"featured_media":6259,"comment_status":"closed","ping_status":"open","sticky":false,"template":"","format":"standard","meta":{"footnotes":""},"categories":[1],"tags":[],"class_list":["post-6263","post","type-post","status-publish","format-standard","has-post-thumbnail","hentry","category-noticias"],"_links":{"self":[{"href":"https:\/\/mifavorita.com.pa\/2017\/wp-json\/wp\/v2\/posts\/6263","targetHints":{"allow":["GET"]}}],"collection":[{"href":"https:\/\/mifavorita.com.pa\/2017\/wp-json\/wp\/v2\/posts"}],"about":[{"href":"https:\/\/mifavorita.com.pa\/2017\/wp-json\/wp\/v2\/types\/post"}],"author":[{"embeddable":true,"href":"https:\/\/mifavorita.com.pa\/2017\/wp-json\/wp\/v2\/users\/2"}],"replies":[{"embeddable":true,"href":"https:\/\/mifavorita.com.pa\/2017\/wp-json\/wp\/v2\/comments?post=6263"}],"version-history":[{"count":1,"href":"https:\/\/mifavorita.com.pa\/2017\/wp-json\/wp\/v2\/posts\/6263\/revisions"}],"predecessor-version":[{"id":6264,"href":"https:\/\/mifavorita.com.pa\/2017\/wp-json\/wp\/v2\/posts\/6263\/revisions\/6264"}],"wp:featuredmedia":[{"embeddable":true,"href":"https:\/\/mifavorita.com.pa\/2017\/wp-json\/wp\/v2\/media\/6259"}],"wp:attachment":[{"href":"https:\/\/mifavorita.com.pa\/2017\/wp-json\/wp\/v2\/media?parent=6263"}],"wp:term":[{"taxonomy":"category","embeddable":true,"href":"https:\/\/mifavorita.com.pa\/2017\/wp-json\/wp\/v2\/categories?post=6263"},{"taxonomy":"post_tag","embeddable":true,"href":"https:\/\/mifavorita.com.pa\/2017\/wp-json\/wp\/v2\/tags?post=6263"}],"curies":[{"name":"wp","href":"https:\/\/api.w.org\/{rel}","templated":true}]}}