{"id":6275,"date":"2022-09-10T02:04:43","date_gmt":"2022-09-10T02:04:43","guid":{"rendered":"https:\/\/mifavorita.com.pa\/2017\/?p=6275"},"modified":"2022-09-10T02:04:45","modified_gmt":"2022-09-10T02:04:45","slug":"centros-de-atencion-de-emergencia-de-cocle-estan-siendo-inspeccionados","status":"publish","type":"post","link":"https:\/\/mifavorita.com.pa\/2017\/centros-de-atencion-de-emergencia-de-cocle-estan-siendo-inspeccionados\/","title":{"rendered":"CENTROS DE ATENCI\u00d3N DE EMERGENCIA DE COCL\u00c9 EST\u00c1N SIENDO INSPECCIONADOS"},"content":{"rendered":"\n<p>DAMGELA DE LE\u00d3N<\/p>\n\n\n\n<p>Como parte de la jornada de inspecciones&nbsp;a los principales centros, sub centros o puestos de salud de toda la provincia de Cocl\u00e9, el viernes 9 de septiembre se realiz\u00f3 una visita al Centro de Salud de La Pintada, con el fin&nbsp;verificar el estado de las ambulancias, los equipos y al personal encargado de recibir casos de atenci\u00f3n inmediata.<\/p>\n\n\n\n<p>Estas inspecciones dieron inicio el mi\u00e9rcoles 7, en el Centro de Salud de El Valle, Centro Materno Infantil de Ant\u00f3n y en el Centro de Operaciones de Emergencia del aeropuerto de Penonom\u00e9. <\/p>\n\n\n\n<figure class=\"wp-block-image size-large\"><img fetchpriority=\"high\" decoding=\"async\" width=\"1024\" height=\"461\" src=\"https:\/\/mifavorita.com.pa\/2017\/wp-content\/uploads\/2022\/09\/99c73282-c24b-45b4-b770-a2ace31ddd2c-1024x461.jpg\" class=\"wp-image-6272\" srcset=\"https:\/\/mifavorita.com.pa\/2017\/wp-content\/uploads\/2022\/09\/99c73282-c24b-45b4-b770-a2ace31ddd2c-1024x461.jpg 1024w, https:\/\/mifavorita.com.pa\/2017\/wp-content\/uploads\/2022\/09\/99c73282-c24b-45b4-b770-a2ace31ddd2c-300x135.jpg 300w, https:\/\/mifavorita.com.pa\/2017\/wp-content\/uploads\/2022\/09\/99c73282-c24b-45b4-b770-a2ace31ddd2c-768x346.jpg 768w, https:\/\/mifavorita.com.pa\/2017\/wp-content\/uploads\/2022\/09\/99c73282-c24b-45b4-b770-a2ace31ddd2c-1200x540.jpg 1200w, https:\/\/mifavorita.com.pa\/2017\/wp-content\/uploads\/2022\/09\/99c73282-c24b-45b4-b770-a2ace31ddd2c.jpg 1280w\" sizes=\"(max-width: 1024px) 100vw, 1024px\" \/><\/figure>\n\n\n\n<p>La iniciativa es llevada a cabo por la direcci\u00f3n regional del Ministerio de Salud en la provincia, a cargo del director, Mario Lozada, el sub director, Yavier Gord\u00f3n, quienes sonacompa\u00f1ados en los recorridos por el jefe del departamento de emergencias a nivel nacional, Casis Portugal, y Ana Castillo, m\u00e9dico, del Centro Regulador de Urgencias y Emergencias del MINSA. <\/p>\n\n\n\n<figure class=\"wp-block-image size-large\"><img decoding=\"async\" width=\"1024\" height=\"768\" src=\"https:\/\/mifavorita.com.pa\/2017\/wp-content\/uploads\/2022\/09\/fde2f664-f287-48ad-b352-aa7e4c664436-1024x768.jpg\" class=\"wp-image-6273\" srcset=\"https:\/\/mifavorita.com.pa\/2017\/wp-content\/uploads\/2022\/09\/fde2f664-f287-48ad-b352-aa7e4c664436-1024x768.jpg 1024w, https:\/\/mifavorita.com.pa\/2017\/wp-content\/uploads\/2022\/09\/fde2f664-f287-48ad-b352-aa7e4c664436-300x225.jpg 300w, https:\/\/mifavorita.com.pa\/2017\/wp-content\/uploads\/2022\/09\/fde2f664-f287-48ad-b352-aa7e4c664436-768x576.jpg 768w, https:\/\/mifavorita.com.pa\/2017\/wp-content\/uploads\/2022\/09\/fde2f664-f287-48ad-b352-aa7e4c664436.jpg 1040w\" sizes=\"(max-width: 1024px) 100vw, 1024px\" \/><\/figure>\n\n\n\n<p>As\u00ed lo se\u00f1al\u00f3 Querube D\u00edaz, del departamento de promoci\u00f3n del MINSA, quien agreg\u00f3 que se han organizado visitas a todos los lugares en donde el Ministerio recibe pacientes de urgencias, principalmente para facilitar la fluidez en la atenci\u00f3n, verificar qu\u00e9 puede mejorar, iniciar este servicio en m\u00e1s lugares, y a la vez, felicitar por el trabajo al personal encargado. <\/p>\n\n\n\n<figure class=\"wp-block-image size-large\"><img decoding=\"async\" width=\"1024\" height=\"768\" src=\"https:\/\/mifavorita.com.pa\/2017\/wp-content\/uploads\/2022\/09\/7d26587f-ea9a-43b1-807f-ac21aa668b05-1024x768.jpg\" class=\"wp-image-6274\" srcset=\"https:\/\/mifavorita.com.pa\/2017\/wp-content\/uploads\/2022\/09\/7d26587f-ea9a-43b1-807f-ac21aa668b05-1024x768.jpg 1024w, https:\/\/mifavorita.com.pa\/2017\/wp-content\/uploads\/2022\/09\/7d26587f-ea9a-43b1-807f-ac21aa668b05-300x225.jpg 300w, https:\/\/mifavorita.com.pa\/2017\/wp-content\/uploads\/2022\/09\/7d26587f-ea9a-43b1-807f-ac21aa668b05-768x576.jpg 768w, https:\/\/mifavorita.com.pa\/2017\/wp-content\/uploads\/2022\/09\/7d26587f-ea9a-43b1-807f-ac21aa668b05.jpg 1040w\" sizes=\"(max-width: 1024px) 100vw, 1024px\" \/><\/figure>\n\n\n\n<p>Para las pr\u00f3ximas semanas, seg\u00fan indic\u00f3 D\u00edaz, las visitas se trasladar\u00e1n a centros en el distrito de Penonom\u00e9, y en Ol\u00e1, pero se espera poder cubrir todos los puntos de atenci\u00f3n de emergencia de la provincia, de manera tal en que se puedan hacer las verificaciones, realizar una evaluaci\u00f3n, y dar respuesta a las necesidades de los pacientes, y del personal encargado.<\/p>\n","protected":false},"excerpt":{"rendered":"<p>DAMGELA DE LE\u00d3N Como parte de la jornada de inspecciones&nbsp;a los principales centros, sub centros o puestos de salud de toda la provincia de Cocl\u00e9, el viernes 9 de septiembre se realiz\u00f3 una visita al Centro de Salud de La Pintada, con el fin&nbsp;verificar el estado de las ambulancias, los equipos y al personal encargado [&hellip;]<\/p>\n","protected":false},"author":2,"featured_media":6271,"comment_status":"closed","ping_status":"open","sticky":false,"template":"","format":"standard","meta":{"footnotes":""},"categories":[1],"tags":[],"class_list":["post-6275","post","type-post","status-publish","format-standard","has-post-thumbnail","hentry","category-noticias"],"_links":{"self":[{"href":"https:\/\/mifavorita.com.pa\/2017\/wp-json\/wp\/v2\/posts\/6275","targetHints":{"allow":["GET"]}}],"collection":[{"href":"https:\/\/mifavorita.com.pa\/2017\/wp-json\/wp\/v2\/posts"}],"about":[{"href":"https:\/\/mifavorita.com.pa\/2017\/wp-json\/wp\/v2\/types\/post"}],"author":[{"embeddable":true,"href":"https:\/\/mifavorita.com.pa\/2017\/wp-json\/wp\/v2\/users\/2"}],"replies":[{"embeddable":true,"href":"https:\/\/mifavorita.com.pa\/2017\/wp-json\/wp\/v2\/comments?post=6275"}],"version-history":[{"count":1,"href":"https:\/\/mifavorita.com.pa\/2017\/wp-json\/wp\/v2\/posts\/6275\/revisions"}],"predecessor-version":[{"id":6276,"href":"https:\/\/mifavorita.com.pa\/2017\/wp-json\/wp\/v2\/posts\/6275\/revisions\/6276"}],"wp:featuredmedia":[{"embeddable":true,"href":"https:\/\/mifavorita.com.pa\/2017\/wp-json\/wp\/v2\/media\/6271"}],"wp:attachment":[{"href":"https:\/\/mifavorita.com.pa\/2017\/wp-json\/wp\/v2\/media?parent=6275"}],"wp:term":[{"taxonomy":"category","embeddable":true,"href":"https:\/\/mifavorita.com.pa\/2017\/wp-json\/wp\/v2\/categories?post=6275"},{"taxonomy":"post_tag","embeddable":true,"href":"https:\/\/mifavorita.com.pa\/2017\/wp-json\/wp\/v2\/tags?post=6275"}],"curies":[{"name":"wp","href":"https:\/\/api.w.org\/{rel}","templated":true}]}}